{"id":72853,"date":"2024-09-27T10:02:00","date_gmt":"2024-09-27T16:02:00","guid":{"rendered":"https:\/\/zonaroja.com.mx\/?p=72853"},"modified":"2024-09-27T08:03:19","modified_gmt":"2024-09-27T14:03:19","slug":"colapsa-otra-vez-acapulco-por-intensas-lluvias","status":"publish","type":"post","link":"https:\/\/zonaroja.com.mx\/?p=72853","title":{"rendered":"Colapsa otra vez Acapulco, por intensas lluvias"},"content":{"rendered":"\n<p>Redacci\u00f3n\/Zona Roja Cdmx.<\/p>\n\n\n\n<p>Ciudad de M\u00e9xico, a 27 de septiembre de 2024.- Acapulco se desquici\u00f3 ayer por inundaciones de hasta metro y medio de altura provocadas por las lluvias, que convirtieron en r\u00edos calles de decenas de colonias, entre ellas 31 de la zona Diamante, donde cuerpos de auxilio rescataban con dificultad a personas atrapadas; el transporte se paraliz\u00f3 y en varios puntos se formaron largas filas de ciudadanos que intentaban adquirir productos b\u00e1sicos en las pocas tiendas abiertas; algunas sufrieron actos de rapi\u00f1a.<\/p>\n\n\n\n<p>El Aeropuerto Internacional suspendi\u00f3 operaciones, fue cerrada por siete horas la autopista Chilpancingo-Acapulco, entre la caseta Palo Blanco y La Venta, en ambos sentidos; adem\u00e1s, como medida de seguridad, la Comisi\u00f3n Federal de Electricidad (CFE) cort\u00f3 el suministro a 18 mil 365 usuarios en diferentes sectores.<\/p>\n\n\n\n<p>Cuatro d\u00edas de lluvias intensas y constantes ocasionadas por el hurac\u00e1n \u201cJohn\u201d \u2013que toc\u00f3 tierra el lunes por la noche en Marquelia, Guerrero, con categor\u00eda 3, se degrad\u00f3 al otro d\u00eda a baja presi\u00f3n remanente, el mi\u00e9rcoles retom\u00f3 fuerza como tormenta tropical frente a las costas del estado y ayer se dirig\u00eda como hurac\u00e1n nivel 1 a Michoac\u00e1n\u2013 hicieron colapsar a la ciudad, a casi un a\u00f1o de que fue azotada por el hurac\u00e1n \u201cOtis\u201d.<\/p>\n\n\n\n<p>De acuerdo con las autoridades estatales, el temporal provoc\u00f3 tambi\u00e9n el fallecimiento de una ni\u00f1a en la colonia Del Valle de la Sabana, cuando un alud cay\u00f3 sobre su vivienda y un ni\u00f1o en el poblado de La Venta perdi\u00f3 la vida al colapsar su casa por el crecimiento de un r\u00edo.&nbsp;<\/p>\n\n\n\n<p>Con ambos casos se elev\u00f3 a seis el n\u00famero de v\u00edctimas mortales en Guerrero por el paso del meteoro.<\/p>\n\n\n\n<p>La presidenta municipal, Abelina L\u00f3pez Rodr\u00edguez, precis\u00f3 que del lunes hasta ayer hubo precipitaciones en el puerto equivalentes a lo que llueve en seis meses en todo el estado.<\/p>\n\n\n\n<p>En su conferencia ma\u00f1anera el presidente Andr\u00e9s Manuel L\u00f3pez Obrador dijo que el censo de damnificados en Acapulco comenzar\u00e1 en dos d\u00edas, una vez que deje de llover y se tenga una visi\u00f3n m\u00e1s amplia de los da\u00f1os; refiri\u00f3 que en un recuento inicial se tiene conocimiento de 700 viviendas da\u00f1adas.<\/p>\n\n\n\n<p>M\u00c1S DA\u00d1OS<\/p>\n\n\n\n<p>Protecci\u00f3n Civil (PC) estatal dio a conocer que las precipitaciones ocasionaron el desbordamiento de cuatro arroyos y canales, as\u00ed como el del r\u00edo de la Sabana, que provoc\u00f3 anegaciones en siete colonias, entre las que se encuentran La Venta y Renacimiento.<\/p>\n\n\n\n<p>La dependencia detall\u00f3 que hubo 50 deslaves en la ciudad; en la avenida Esc\u00e9nica, habitantes del barrio Azteca, en el poblado de Cumbres de Llano Largo, pidieron auxilio porque se desgaj\u00f3 un cerro sobre varias viviendas construidas en el monte, que se presume estaban habitadas.<\/p>\n\n\n\n<p>En la calle 19, de la colonia Icacos, una roca que de m\u00e1s de tres metros de di\u00e1metro y cuatro de alto aplast\u00f3 dos carros y una moto; no hubo personas lesionadas.<\/p>\n\n\n\n<p>Asimismo, se reportaron derrumbes en las avenidas Farall\u00f3n y M\u00e9xico, el colapso de cuatro inmuebles, la ca\u00edda de decenas de \u00e1rboles, veh\u00edculos varados y el surgimiento de varios socavones en distintos sectores.<\/p>\n\n\n\n<p>Una parte de la estructura del hotel Las Brisas, ubicado en la avenida Esc\u00e9nica, se vino abajo por la ma\u00f1ana. Ricardo Su\u00e1rez, gerente de la hospeder\u00eda, explic\u00f3 que \u201cse trat\u00f3 de una barda que no representa peligro a sus instalaciones\u201d.<\/p>\n\n\n\n<p>Brigadas integradas por elementos de Protecci\u00f3n Civil estatal y municipal, Guardia Nacional (GN), Marina y Ej\u00e9rcito llegaron desde la madrugada con lanchas y motos acu\u00e1ticas para ayudar a los habitantes de colonias como La Poza, Rinconada del Mar, Residencial Diamante, Joyas del Marqu\u00e9s y Las Gaviotas; rescataron a m\u00e1s de 300 personas del \u00e1rea de zona Diamante y Llano Largo, indic\u00f3 PC.<\/p>\n\n\n\n<p>Personal m\u00e9dico y trabajadores administrativos de la cl\u00ednica 29 del Instituto Mexicano del Seguro Social de Llano Largo tambi\u00e9n requirieron apoyo debido a que se quedaron atrapados en el lugar porque el primer nivel del inmueble estaba totalmente anegado; 11 personas fueron auxiliadas en la unidad habitacional Colosio y otras 100 en una gasolinera ubicada en el bulevar de las Naciones.<\/p>\n\n\n\n<p>(Informaci\u00f3n de \u201cLa Jornada\u201d)<\/p>\n","protected":false},"excerpt":{"rendered":"<p>Redacci\u00f3n\/Zona Roja Cdmx. Ciudad de M\u00e9xico, a 27 de septiembre de 2024.- Acapulco se desquici\u00f3&hellip;<\/p>\n","protected":false},"author":2,"featured_media":72854,"comment_status":"closed","ping_status":"open","sticky":false,"template":"","format":"standard","meta":{"_lmt_disableupdate":"","_lmt_disable":"","_jetpack_memberships_contains_paid_content":false,"footnotes":""},"categories":[109,47],"tags":[3387],"class_list":["post-72853","post","type-post","status-publish","format-standard","has-post-thumbnail","hentry","category-minuto-a-minuto","category-zona-gris","tag-acapulco-guerrero"],"jetpack_featured_media_url":"https:\/\/zonaroja.com.mx\/wp-content\/uploads\/2024\/09\/Danos-por-lluvias-Acapulco.jpg","jetpack_sharing_enabled":true,"_links":{"self":[{"href":"https:\/\/zonaroja.com.mx\/index.php?rest_route=\/wp\/v2\/posts\/72853","targetHints":{"allow":["GET"]}}],"collection":[{"href":"https:\/\/zonaroja.com.mx\/index.php?rest_route=\/wp\/v2\/posts"}],"about":[{"href":"https:\/\/zonaroja.com.mx\/index.php?rest_route=\/wp\/v2\/types\/post"}],"author":[{"embeddable":true,"href":"https:\/\/zonaroja.com.mx\/index.php?rest_route=\/wp\/v2\/users\/2"}],"replies":[{"embeddable":true,"href":"https:\/\/zonaroja.com.mx\/index.php?rest_route=%2Fwp%2Fv2%2Fcomments&post=72853"}],"version-history":[{"count":1,"href":"https:\/\/zonaroja.com.mx\/index.php?rest_route=\/wp\/v2\/posts\/72853\/revisions"}],"predecessor-version":[{"id":72855,"href":"https:\/\/zonaroja.com.mx\/index.php?rest_route=\/wp\/v2\/posts\/72853\/revisions\/72855"}],"wp:featuredmedia":[{"embeddable":true,"href":"https:\/\/zonaroja.com.mx\/index.php?rest_route=\/wp\/v2\/media\/72854"}],"wp:attachment":[{"href":"https:\/\/zonaroja.com.mx\/index.php?rest_route=%2Fwp%2Fv2%2Fmedia&parent=72853"}],"wp:term":[{"taxonomy":"category","embeddable":true,"href":"https:\/\/zonaroja.com.mx\/index.php?rest_route=%2Fwp%2Fv2%2Fcategories&post=72853"},{"taxonomy":"post_tag","embeddable":true,"href":"https:\/\/zonaroja.com.mx\/index.php?rest_route=%2Fwp%2Fv2%2Ftags&post=72853"}],"curies":[{"name":"wp","href":"https:\/\/api.w.org\/{rel}","templated":true}]}}