{"id":72856,"date":"2024-09-27T12:06:00","date_gmt":"2024-09-27T18:06:00","guid":{"rendered":"https:\/\/zonaroja.com.mx\/?p=72856"},"modified":"2024-09-27T08:08:41","modified_gmt":"2024-09-27T14:08:41","slug":"reconocera-veracruz-a-activista-afro-rosa-maria-castro-salinas","status":"publish","type":"post","link":"https:\/\/zonaroja.com.mx\/?p=72856","title":{"rendered":"Reconocer\u00e1 Veracruz a activista afro Rosa Mar\u00eda Castro Salinas"},"content":{"rendered":"\n<p>Redacci\u00f3n\/Zona Roja Cdmx.<\/p>\n\n\n\n<p>Ciudad de M\u00e9xico, a 27 de septiembre de 2024.- La&nbsp;Secretar\u00eda de Cultura de Veracruz&nbsp;celebra el&nbsp;XXVIII Festival Internacional Afrocaribe\u00f1o, con un nutrido y espl\u00e9ndido programa que integra, un foro acad\u00e9mico, actividades de formaci\u00f3n y un foro art\u00edstico en recintos de la Sever, en tres colonias de la ciudad de Veracruz, en el marco del&nbsp;Afrocaribe\u00f1o en tu Barrio, y en el municipio de Jamapa, Ver.<\/p>\n\n\n\n<p>Adem\u00e1s, en cada edici\u00f3n del Festival, se otorga un galard\u00f3n, la medalla que lleva el nombre del doctor Gonzalo Aguirre Beltr\u00e1n, quien fuera destacado m\u00e9dico y antrop\u00f3logo social originario de Tlacotalpan, Veracruz, pionero en trazar l\u00edneas de investigaci\u00f3n desde la pr\u00e1ctica antropol\u00f3gica en el \u00e1rea de los estudios afroamericanos, las luchas agrarias y la formaci\u00f3n de los grandes dominios territoriales de M\u00e9xico y otros pa\u00edses de Am\u00e9rica.<\/p>\n\n\n\n<p>En esta especial ocasi\u00f3n, recibir\u00e1 la&nbsp;Medalla \u201cGonzalo Aguirre Beltr\u00e1n\u201d&nbsp;la activista&nbsp;Rosa Mar\u00eda Castro Salinas, en reconocimiento a su destacada labor frente a las luchas sociales afrofeministas y antirracistas; defensora de los derechos de los pueblos, comunidades, personas ind\u00edgenas y afromexicanas con un enfoque de g\u00e9nero.&nbsp;<\/p>\n\n\n\n<p>Ella es maestra en Administraci\u00f3n por la Universidad Aut\u00f3noma de Guadalajara, licenciada en Administraci\u00f3n de Empresas por el Instituto Tecnol\u00f3gico de Oaxaca, t\u00e9cnica en periodismo y diplomada en diversas disciplinas docentes, enfocada en la promoci\u00f3n de los derechos y el liderazgo de las mujeres.&nbsp;<\/p>\n\n\n\n<p>Es fundadora de la Asociaci\u00f3n de Mujeres de la Costa de Oaxaca A.C., la C\u00e1tedra Itinerante de Mujeres Afromexicanas y el Encuentro de Mujeres afromexicanas, negras y afrodescendientes en M\u00e9xico.&nbsp;<\/p>\n\n\n\n<p>Es integrante de la Red de Organizaciones Civiles Afromexicanas y Aliados, as\u00ed como de la Alianza de Mujeres Ind\u00edgenas y Afrodescendientes de Centroam\u00e9rica y M\u00e9xico. Actualmente es Diputada Federal plurinominal por acci\u00f3n afirmativa afromexicana en la Sexag\u00e9sima Sexta Legislatura instalada recientemente el pasado 1o de septiembre.<\/p>\n\n\n\n<p>La entrega del galard\u00f3n se realizar\u00e1 durante la ceremonia de inauguraci\u00f3n del Festival.&nbsp;La&nbsp;Secver&nbsp;reitera la invitaci\u00f3n a disfrutar del programa que propone el&nbsp;XXVIII Festival Afrocaribe\u00f1o 2024&nbsp;del jueves 3 al domingo 6 de octubre. Todas las actividades son gratuitas. Consulta el programa completo en&nbsp;www.culturaveracruz.gob.mx&nbsp;y en redes sociales.<\/p>\n","protected":false},"excerpt":{"rendered":"<p>Redacci\u00f3n\/Zona Roja Cdmx. Ciudad de M\u00e9xico, a 27 de septiembre de 2024.- La&nbsp;Secretar\u00eda de Cultura&hellip;<\/p>\n","protected":false},"author":2,"featured_media":72857,"comment_status":"closed","ping_status":"open","sticky":false,"template":"","format":"standard","meta":{"_lmt_disableupdate":"","_lmt_disable":"","_jetpack_memberships_contains_paid_content":false,"footnotes":""},"categories":[109,46],"tags":[2600],"class_list":["post-72856","post","type-post","status-publish","format-standard","has-post-thumbnail","hentry","category-minuto-a-minuto","category-zona-blanca","tag-rosa-maria-castro-salinas"],"jetpack_featured_media_url":"https:\/\/zonaroja.com.mx\/wp-content\/uploads\/2024\/09\/Rosa-Maria-Castro-Salinas.jpg.webp","jetpack_sharing_enabled":true,"_links":{"self":[{"href":"https:\/\/zonaroja.com.mx\/index.php?rest_route=\/wp\/v2\/posts\/72856","targetHints":{"allow":["GET"]}}],"collection":[{"href":"https:\/\/zonaroja.com.mx\/index.php?rest_route=\/wp\/v2\/posts"}],"about":[{"href":"https:\/\/zonaroja.com.mx\/index.php?rest_route=\/wp\/v2\/types\/post"}],"author":[{"embeddable":true,"href":"https:\/\/zonaroja.com.mx\/index.php?rest_route=\/wp\/v2\/users\/2"}],"replies":[{"embeddable":true,"href":"https:\/\/zonaroja.com.mx\/index.php?rest_route=%2Fwp%2Fv2%2Fcomments&post=72856"}],"version-history":[{"count":1,"href":"https:\/\/zonaroja.com.mx\/index.php?rest_route=\/wp\/v2\/posts\/72856\/revisions"}],"predecessor-version":[{"id":72858,"href":"https:\/\/zonaroja.com.mx\/index.php?rest_route=\/wp\/v2\/posts\/72856\/revisions\/72858"}],"wp:featuredmedia":[{"embeddable":true,"href":"https:\/\/zonaroja.com.mx\/index.php?rest_route=\/wp\/v2\/media\/72857"}],"wp:attachment":[{"href":"https:\/\/zonaroja.com.mx\/index.php?rest_route=%2Fwp%2Fv2%2Fmedia&parent=72856"}],"wp:term":[{"taxonomy":"category","embeddable":true,"href":"https:\/\/zonaroja.com.mx\/index.php?rest_route=%2Fwp%2Fv2%2Fcategories&post=72856"},{"taxonomy":"post_tag","embeddable":true,"href":"https:\/\/zonaroja.com.mx\/index.php?rest_route=%2Fwp%2Fv2%2Ftags&post=72856"}],"curies":[{"name":"wp","href":"https:\/\/api.w.org\/{rel}","templated":true}]}}