{"id":72859,"date":"2024-09-27T13:09:00","date_gmt":"2024-09-27T19:09:00","guid":{"rendered":"https:\/\/zonaroja.com.mx\/?p=72859"},"modified":"2024-09-27T08:10:34","modified_gmt":"2024-09-27T14:10:34","slug":"militarizacion-no-ha-reducido-la-violencia-en-mexico-acusa-hrw","status":"publish","type":"post","link":"https:\/\/zonaroja.com.mx\/?p=72859","title":{"rendered":"Militarizaci\u00f3n no ha reducido la violencia en M\u00e9xico: acusa HRW"},"content":{"rendered":"\n<p>Redacci\u00f3n\/Zona Roja Cdmx.<\/p>\n\n\n\n<p>Ciudad de M\u00e9xico, a 27 de septiembre de 2024.- Juanita Goebertus, directora de la divisi\u00f3n de las Am\u00e9ricas de Human Rights Watch (HRW), afirm\u00f3 que la propuesta para pasar la Guardia Nacional (GN) a la Secretar\u00eda de la Defensa Nacional (Sedena) es peligrosa, por lo que insisti\u00f3 en que debe ser descartada.<\/p>\n\n\n\n<p>A trav\u00e9s de redes sociales, sostuvo que esta reforma le dar\u00eda el control permanente de la seguridad p\u00fablica a las Fuerzas Armadas, algo que conlleva grandes riesgos.<\/p>\n\n\n\n<p>\u201cCasi 20 a\u00f1os de militarizaci\u00f3n no han reducido la violencia y han dado lugar a graves abusos. Los senadores deber\u00edan rechazarla\u201d, sentenci\u00f3.<\/p>\n\n\n\n<p>Antes, la organizaci\u00f3n argument\u00f3 que estos cambios a la ley otorgar\u00edan oficialmente al Presidente la autoridad para desplegar las Fuerzas Armadas dentro del pa\u00eds, de manera indefinida, a su discreci\u00f3n.<\/p>\n\n\n\n<p>En un an\u00e1lisis sobre las propuestas de reforma que present\u00f3 Andr\u00e9s Manuel L\u00f3pez Obrador, HRW sostuvo que, desde 2016, las Fuerzas Armadas han jugado un papel cada vez m\u00e1s predominante en M\u00e9xico.<\/p>\n\n\n\n<p>Adem\u00e1s, \u201chan cometido violaciones generalizadas de derechos humanos, como ejecuciones, desapariciones forzadas y tortura, que rara vez se investigan\u201d.<\/p>\n\n\n\n<p>La organizaci\u00f3n tambi\u00e9n se\u00f1al\u00f3 directamente a L\u00f3pez Obrador por ampliar el papel de los militares en el gobierno, lo que ha limitado la supervisi\u00f3n civil y la rendici\u00f3n de cuentas.<\/p>\n\n\n\n<p>Estos reclamos se suman a los presentados por Amnist\u00eda Internacional que hace unos d\u00edas dijo que permitirle a la GN \u201crealizar, bajo la conducci\u00f3n y mando del Ministerio P\u00fablico, las investigaciones de los delitos cometidos\u201d va en contra del derecho internacional.<\/p>\n\n\n\n<p>Dentro de un an\u00e1lisis de la iniciativa de la reforma, la organizaci\u00f3n reclam\u00f3 que estas acciones van en contra de los tratados de los que M\u00e9xico es parteRemarc\u00f3 que el plan para que este cuerpo de seguridad participe en la investigaci\u00f3n de los delitos y, en general, actuar como auxiliar del Ministerio P\u00fablico, es riesgoso.<\/p>\n\n\n\n<p>(Informaci\u00f3n de \u201cEl Financiero\u201d)<\/p>\n","protected":false},"excerpt":{"rendered":"<p>Redacci\u00f3n\/Zona Roja Cdmx. Ciudad de M\u00e9xico, a 27 de septiembre de 2024.- Juanita Goebertus, directora&hellip;<\/p>\n","protected":false},"author":2,"featured_media":72819,"comment_status":"closed","ping_status":"open","sticky":false,"template":"","format":"standard","meta":{"_lmt_disableupdate":"","_lmt_disable":"","_jetpack_memberships_contains_paid_content":false,"footnotes":""},"categories":[109,47],"tags":[278],"class_list":["post-72859","post","type-post","status-publish","format-standard","has-post-thumbnail","hentry","category-minuto-a-minuto","category-zona-gris","tag-guardia-nacional"],"jetpack_featured_media_url":"https:\/\/zonaroja.com.mx\/wp-content\/uploads\/2024\/09\/Guardia-Nacional-1.jpg","jetpack_sharing_enabled":true,"_links":{"self":[{"href":"https:\/\/zonaroja.com.mx\/index.php?rest_route=\/wp\/v2\/posts\/72859","targetHints":{"allow":["GET"]}}],"collection":[{"href":"https:\/\/zonaroja.com.mx\/index.php?rest_route=\/wp\/v2\/posts"}],"about":[{"href":"https:\/\/zonaroja.com.mx\/index.php?rest_route=\/wp\/v2\/types\/post"}],"author":[{"embeddable":true,"href":"https:\/\/zonaroja.com.mx\/index.php?rest_route=\/wp\/v2\/users\/2"}],"replies":[{"embeddable":true,"href":"https:\/\/zonaroja.com.mx\/index.php?rest_route=%2Fwp%2Fv2%2Fcomments&post=72859"}],"version-history":[{"count":1,"href":"https:\/\/zonaroja.com.mx\/index.php?rest_route=\/wp\/v2\/posts\/72859\/revisions"}],"predecessor-version":[{"id":72860,"href":"https:\/\/zonaroja.com.mx\/index.php?rest_route=\/wp\/v2\/posts\/72859\/revisions\/72860"}],"wp:featuredmedia":[{"embeddable":true,"href":"https:\/\/zonaroja.com.mx\/index.php?rest_route=\/wp\/v2\/media\/72819"}],"wp:attachment":[{"href":"https:\/\/zonaroja.com.mx\/index.php?rest_route=%2Fwp%2Fv2%2Fmedia&parent=72859"}],"wp:term":[{"taxonomy":"category","embeddable":true,"href":"https:\/\/zonaroja.com.mx\/index.php?rest_route=%2Fwp%2Fv2%2Fcategories&post=72859"},{"taxonomy":"post_tag","embeddable":true,"href":"https:\/\/zonaroja.com.mx\/index.php?rest_route=%2Fwp%2Fv2%2Ftags&post=72859"}],"curies":[{"name":"wp","href":"https:\/\/api.w.org\/{rel}","templated":true}]}}