{"id":72864,"date":"2024-09-27T15:00:00","date_gmt":"2024-09-27T21:00:00","guid":{"rendered":"https:\/\/zonaroja.com.mx\/?p=72864"},"modified":"2024-09-27T14:45:30","modified_gmt":"2024-09-27T20:45:30","slug":"intensifican-en-oaxaca-acciones-de-apoyo-a-los-afectados-por-el-huracan-john","status":"publish","type":"post","link":"https:\/\/zonaroja.com.mx\/?p=72864","title":{"rendered":"Intensifican en Oaxaca acciones de apoyo a los afectados por el hurac\u00e1n \u201cJohn\u201d\u00a0"},"content":{"rendered":"\n<p>Redacci\u00f3n\/Zona Roja.<\/p>\n\n\n\n<p>Oaxaca de Ju\u00e1rez, Oax., a 27 de septiembre de 2024.- El gobernador Salom\u00f3n Jara Cruz dio a conocer que hay una buena coordinaci\u00f3n de trabajo entre los niveles federal, estatal y municipal ante el embate del hurac\u00e1n \u201cJohn\u201d, y por ello no se abandonar\u00e1n a las personas damnificadas.<\/p>\n\n\n\n<p>\u201cNuestro gobierno est\u00e1 atento y en territorio acompa\u00f1ando a nuestras hermanas y hermanos en las comunidades afectadas, por lo que recorremos varias de ellas. Hacemos un llamado de solidaridad y para quienes habiten en la Costa y Sierra Sur, se mantengan lejos de las zonas de riesgo\u201d, dijo.&nbsp;<\/p>\n\n\n\n<p>Inform\u00f3 tambi\u00e9n que este jueves se llev\u00f3 a cabo en Santiago Pinotepa Nacional la cuarta sesi\u00f3n del Consejo Estatal de Protecci\u00f3n Civil y el Comit\u00e9 Estatal para la Atenci\u00f3n de la Emergencia, en la cual se dio cuenta de todas las afectaciones y acciones realizadas en la Costa, Sierra Sur y parte de la Mixteca.<\/p>\n\n\n\n<p>Durante la emisi\u00f3n del programa televisivo \u201cJueves de Gozona\u201d, explic\u00f3 que se realizan visitas a los albergues de Santiago Jamiltepec, Villa de Tututepec y Santiago Pinotepa Nacional, en los cuales se contabilizaron mil 55 personas resguardadas.<\/p>\n\n\n\n<p>El Sistema para el Desarrollo Integral de la Familia (DIF) Oaxaca, apoya con v\u00edveres y colchonetas a las personas damnificadas, as\u00ed como con alimentos y dem\u00e1s enseres necesarios.&nbsp;<\/p>\n\n\n\n<p>La Secretar\u00eda de Infraestructura, Comunicaciones y Transportes (SICT) repar\u00f3 la Carretera Barranca Larga-Ventanilla y realizar\u00e1 trabajos en la Carretera Federal 200, en el tramo que va de Puerto Escondido a Santiago Pinotepa Nacional. Asimismo, los caminos y troncales estatales son atendidos por Caminos Bienestar (Cabien).<\/p>\n\n\n\n<p>El mandatario estatal reconoci\u00f3 el trabajo oportuno de la Comisi\u00f3n Federal de Electricidad (CFE) para restablecer el sistema el\u00e9ctrico a pesar de los riesgos que conlleva hacerlo en estas condiciones de fuertes precipitaciones.&nbsp;<\/p>\n\n\n\n<p>Tambi\u00e9n, explic\u00f3 que la Comisi\u00f3n Nacional del Agua (Conagua) verifica la situaci\u00f3n de las comunidades, aunado a que Vivienda Bienestar (Vibien), Cabien, las secretar\u00edas de las Infraestructuras y Comunicaciones, y de Bienestar, Tequio e Inclusi\u00f3n (Sebienti) llevar\u00e1n a cabo un censo para contabilizar a las personas afectadas.&nbsp;<\/p>\n\n\n\n<p>Por su parte, la Secretar\u00eda de Fomento Agroalimentario y Desarrollo Rural (Sefader) apoyar\u00e1 a productores que registraron da\u00f1os a sus cultivos.&nbsp;<\/p>\n\n\n\n<p>En tanto, la Secretar\u00eda de Seguridad y Protecci\u00f3n Ciudadana (SSPC), en coordinaci\u00f3n con las secretar\u00edas de la Defensa Nacional (Sedena) y de Marina (Semar) despliegan operativos eficientes para salvaguardar las vidas de las familias oaxaque\u00f1as en estos lugares con afectaciones.&nbsp;<\/p>\n\n\n\n<p>De esta manera, el titular del Poder Ejecutivo dio a conocer que tras una b\u00fasqueda intensa se dio con el paradero de un menor desaparecido en Guadalupe Tilapa, perteneciente a Juxtlahuaca, el cual fue arrastrado por el r\u00edo.&nbsp;<\/p>\n\n\n\n<p>Asimismo, expres\u00f3 que solicitar\u00e1 al Gobierno Federal una Declaratoria de Desastre en Santiago Amoltepec, Santa Mar\u00eda Zaniza y Santiago Textitl\u00e1n para que se brinde el apoyo necesario a sus habitantes.&nbsp;<\/p>\n\n\n\n<p>Desde El Charquito, Santiago Jamiltepec, el gobernador oaxaque\u00f1o explic\u00f3 que las comunidades alrededor de esta localidad registran da\u00f1os severos a sus potreros y zonas agr\u00edcolas, as\u00ed como el incremento de los r\u00edos Verde, La Arena y desbordes de r\u00edos en Collantes.&nbsp;<\/p>\n\n\n\n<p>Por ello, el Sistema DIF Oaxaca, as\u00ed como las y los Delegados de Paz habilitaron centros de acopio para recolectar v\u00edveres.&nbsp;<\/p>\n\n\n\n<p>\u201cOaxaca debe estar unido. Juntas y juntos podemos sacar a Oaxaca adelante. La gozona es solidaridad con los pueblos y comunidades, no solo en las buenas, tambi\u00e9n en las malas y sobre todo cuando ocurren desastres como este\u201d, puntualiz\u00f3. &nbsp;<\/p>\n","protected":false},"excerpt":{"rendered":"<p>Redacci\u00f3n\/Zona Roja. Oaxaca de Ju\u00e1rez, Oax., a 27 de septiembre de 2024.- El gobernador Salom\u00f3n&hellip;<\/p>\n","protected":false},"author":2,"featured_media":72865,"comment_status":"closed","ping_status":"open","sticky":false,"template":"","format":"standard","meta":{"_lmt_disableupdate":"","_lmt_disable":"","_jetpack_memberships_contains_paid_content":false,"footnotes":""},"categories":[109,47],"tags":[939],"class_list":["post-72864","post","type-post","status-publish","format-standard","has-post-thumbnail","hentry","category-minuto-a-minuto","category-zona-gris","tag-salomon-jara-cruz"],"jetpack_featured_media_url":"https:\/\/zonaroja.com.mx\/wp-content\/uploads\/2024\/09\/Salomon-Jara-recorridos-Costa.jpeg","jetpack_sharing_enabled":true,"_links":{"self":[{"href":"https:\/\/zonaroja.com.mx\/index.php?rest_route=\/wp\/v2\/posts\/72864","targetHints":{"allow":["GET"]}}],"collection":[{"href":"https:\/\/zonaroja.com.mx\/index.php?rest_route=\/wp\/v2\/posts"}],"about":[{"href":"https:\/\/zonaroja.com.mx\/index.php?rest_route=\/wp\/v2\/types\/post"}],"author":[{"embeddable":true,"href":"https:\/\/zonaroja.com.mx\/index.php?rest_route=\/wp\/v2\/users\/2"}],"replies":[{"embeddable":true,"href":"https:\/\/zonaroja.com.mx\/index.php?rest_route=%2Fwp%2Fv2%2Fcomments&post=72864"}],"version-history":[{"count":1,"href":"https:\/\/zonaroja.com.mx\/index.php?rest_route=\/wp\/v2\/posts\/72864\/revisions"}],"predecessor-version":[{"id":72866,"href":"https:\/\/zonaroja.com.mx\/index.php?rest_route=\/wp\/v2\/posts\/72864\/revisions\/72866"}],"wp:featuredmedia":[{"embeddable":true,"href":"https:\/\/zonaroja.com.mx\/index.php?rest_route=\/wp\/v2\/media\/72865"}],"wp:attachment":[{"href":"https:\/\/zonaroja.com.mx\/index.php?rest_route=%2Fwp%2Fv2%2Fmedia&parent=72864"}],"wp:term":[{"taxonomy":"category","embeddable":true,"href":"https:\/\/zonaroja.com.mx\/index.php?rest_route=%2Fwp%2Fv2%2Fcategories&post=72864"},{"taxonomy":"post_tag","embeddable":true,"href":"https:\/\/zonaroja.com.mx\/index.php?rest_route=%2Fwp%2Fv2%2Ftags&post=72864"}],"curies":[{"name":"wp","href":"https:\/\/api.w.org\/{rel}","templated":true}]}}