{"id":72868,"date":"2024-09-27T19:10:50","date_gmt":"2024-09-28T01:10:50","guid":{"rendered":"https:\/\/zonaroja.com.mx\/?p=72868"},"modified":"2024-09-27T19:10:52","modified_gmt":"2024-09-28T01:10:52","slug":"sin-freno-la-violencia-criminal-en-juchitan-otro-ejecutado","status":"publish","type":"post","link":"https:\/\/zonaroja.com.mx\/?p=72868","title":{"rendered":"Sin freno la violencia criminal en Juchit\u00e1n: otro ejecutado"},"content":{"rendered":"\n<p>Ismael Garc\u00eda M.\/Zona Roja.<\/p>\n\n\n\n<p>Oaxaca de Ju\u00e1rez, Oax., a 27 de septiembre de 2024.- La ola criminal no tiene freno en Juchit\u00e1n de Zaragoza y esta tarde ejecutaron a balazos a un individuo, en la cabecera municipal.<\/p>\n\n\n\n<p>Fue alrededor de las 17:30 horas en que ocurri\u00f3 un ataque armado en la calle 5 de Mayo, frente a un centro educativo del nivel superior, en contra de quien fue identificado como Alberto M., de 47 a\u00f1os de edad.<\/p>\n\n\n\n<p>El hombre caminaba en la acera cuando fue atacado por sujetos desconocidos, que presuntamente se trasladaban a bordo de una motocicleta.<\/p>\n\n\n\n<p>Pese a que fue en c\u00e9ntricas calles de ese municipio de la regi\u00f3n del Istmo, no hab\u00eda polic\u00edas municipales en la zona, por lo cual los delincuentes lograron huir.<\/p>\n\n\n\n<p>Personal param\u00e9dico del Heroico Cuerpo de Bomberos arrib\u00f3 al sitio a brindar los primeros auxilios; sin embargo, corroboraron que la v\u00edctima ya no contaba con signos vitales.<\/p>\n\n\n\n<p>Fueron los familiares quienes llegaron al lugar del crimen e identificaron al hoy occiso, quien era originario del municipio vecino de El Espinal.<\/p>\n\n\n\n<p>Personal de la Vicefiscal\u00eda Regional del Istmo, dependiente de la Fiscal\u00eda General del Estado, inici\u00f3 con las indagatorias correspondientes, para esclarecer el crimen y dar con los responsables.<\/p>\n","protected":false},"excerpt":{"rendered":"<p>Ismael Garc\u00eda M.\/Zona Roja. Oaxaca de Ju\u00e1rez, Oax., a 27 de septiembre de 2024.- La&hellip;<\/p>\n","protected":false},"author":2,"featured_media":72869,"comment_status":"closed","ping_status":"open","sticky":false,"template":"","format":"standard","meta":{"_lmt_disableupdate":"","_lmt_disable":"","_jetpack_memberships_contains_paid_content":false,"footnotes":""},"categories":[109,51],"tags":[297],"class_list":["post-72868","post","type-post","status-publish","format-standard","has-post-thumbnail","hentry","category-minuto-a-minuto","category-zona-roja","tag-ejecutado-juchitan"],"jetpack_featured_media_url":"https:\/\/zonaroja.com.mx\/wp-content\/uploads\/2024\/09\/Ejecutado-Juchitan.jpeg","jetpack_sharing_enabled":true,"_links":{"self":[{"href":"https:\/\/zonaroja.com.mx\/index.php?rest_route=\/wp\/v2\/posts\/72868","targetHints":{"allow":["GET"]}}],"collection":[{"href":"https:\/\/zonaroja.com.mx\/index.php?rest_route=\/wp\/v2\/posts"}],"about":[{"href":"https:\/\/zonaroja.com.mx\/index.php?rest_route=\/wp\/v2\/types\/post"}],"author":[{"embeddable":true,"href":"https:\/\/zonaroja.com.mx\/index.php?rest_route=\/wp\/v2\/users\/2"}],"replies":[{"embeddable":true,"href":"https:\/\/zonaroja.com.mx\/index.php?rest_route=%2Fwp%2Fv2%2Fcomments&post=72868"}],"version-history":[{"count":1,"href":"https:\/\/zonaroja.com.mx\/index.php?rest_route=\/wp\/v2\/posts\/72868\/revisions"}],"predecessor-version":[{"id":72870,"href":"https:\/\/zonaroja.com.mx\/index.php?rest_route=\/wp\/v2\/posts\/72868\/revisions\/72870"}],"wp:featuredmedia":[{"embeddable":true,"href":"https:\/\/zonaroja.com.mx\/index.php?rest_route=\/wp\/v2\/media\/72869"}],"wp:attachment":[{"href":"https:\/\/zonaroja.com.mx\/index.php?rest_route=%2Fwp%2Fv2%2Fmedia&parent=72868"}],"wp:term":[{"taxonomy":"category","embeddable":true,"href":"https:\/\/zonaroja.com.mx\/index.php?rest_route=%2Fwp%2Fv2%2Fcategories&post=72868"},{"taxonomy":"post_tag","embeddable":true,"href":"https:\/\/zonaroja.com.mx\/index.php?rest_route=%2Fwp%2Fv2%2Ftags&post=72868"}],"curies":[{"name":"wp","href":"https:\/\/api.w.org\/{rel}","templated":true}]}}