{"id":7288,"date":"2020-01-04T11:33:58","date_gmt":"2020-01-04T17:33:58","guid":{"rendered":"http:\/\/www.zonaroja.com.mx\/?p=7288"},"modified":"2020-01-04T11:34:01","modified_gmt":"2020-01-04T17:34:01","slug":"ano-gris-violento-y-polemico-para-gobierno-de-tuxtepec-con-fernando-bautista","status":"publish","type":"post","link":"https:\/\/zonaroja.com.mx\/?p=7288","title":{"rendered":"A\u00f1o gris, violento y pol\u00e9mico para gobierno de Tuxtepec, con Fernando Bautista"},"content":{"rendered":"\n<p>Yuri Sosa\/Zona Roja. Foto: Cortes\u00eda<\/p>\n\n\n\n<p>San\nJuan Bautista Tuxtepec, Oax.- 4 de enero de 2020.- El 2019 transcurri\u00f3 sin\nnovedades en obras p\u00fablicas para este municipio que encabeza por segundo periodo\nFernando Bautista D\u00e1vila, quien ha militado en varios partidos.<\/p>\n\n\n\n<p>Sin\nembargo, su gesti\u00f3n estuvo marcado por los hechos violentos que en esta ocasi\u00f3n\nalcanz\u00f3 a un funcionario municipal; hasta el accidente de un becario federal\npor la mala aplicaci\u00f3n del programa \u201cJ\u00f3venes construyendo el futuro\u201d, por parte\ndel gobierno local.<\/p>\n\n\n\n<p>Los\nasesinatos de personas comenzaron en enero, con el registro de un feminicidio,\npero fue en el mes de febrero cuando se increment\u00f3 la incidencia de hechos\nviolentos.<\/p>\n\n\n\n<p>En\nel segundo mes del a\u00f1o, el director de Transporte del gobierno municipal,\nCarlos Cobos, fue ultimado. <\/p>\n\n\n\n<p>Tras\neste hecho, el edil y parte de su Cabildo se pronunciaron contra la violencia y\ndemandaron al gobierno federal mayor seguridad para el municipio, al declararse\nincompetente para asumir el problema.<\/p>\n\n\n\n<p>Pero,\nel hecho que marc\u00f3 las funciones del ayuntamiento municipal a nivel nacional\nfue el accidente de un becario del programa \u201cJ\u00f3venes Construyendo el Futuro\u201d,\nPedro Alberto Lezama, adscrito al gobierno de Tuxtepec como empresa capacitadora.<\/p>\n\n\n\n<p>El\n19 de noviembre, el joven qued\u00f3 prensado de l\u00e1minas durante el traslado de\nmaterial de construcci\u00f3n como parte de las actividades asignadas a beneficio de\nun programa local de apoyo a las viviendas.<\/p>\n\n\n\n<p>Las\nlabores del joven, como el de otros, se encontraban fuera de las\nespecificaciones que establece el programa federal a beneficio de los becarios\npara integrarse al mundo laboral.<\/p>\n\n\n\n<p>A\nesta fecha, contra los primeros pron\u00f3sticos m\u00e9dicos que lo desahuciaron, Pedro\nLezama, se recupera en salud en el Hospital La Raza del IMSS en la Ciudad de\nM\u00e9xico.<\/p>\n\n\n\n<p>SALTA\nDE PARTIDO<\/p>\n\n\n\n<p>La\nadministraci\u00f3n municipal a cargo de Bautista D\u00e1vila concret\u00f3 en diciembre de\n2019 su adhesi\u00f3n al partido Movimiento Ciudadano, rumbo al proceso electoral\ndel cual el edil no descarta continuar su participaci\u00f3n para otro cargo\np\u00fablico.<\/p>\n\n\n\n<p>El\ncambio representa el quinto partido pol\u00edtico para el edil tuxtepecano. Milit\u00f3\nen el PAN, PRI y Partido del Trabajo por el que fue candidato y qued\u00f3 electo\npara su primer periodo como presidente. Y para su reelecci\u00f3n particip\u00f3 por\nNueva Alianza.<\/p>\n\n\n\n<p>Escasas\nobras<\/p>\n\n\n\n<p>El\ngobierno municipal realiz\u00f3 este a\u00f1o una de las acciones de m\u00e1s beneficio, luego\nde tres a\u00f1os como presidente.<\/p>\n\n\n\n<p>Se\ntrat\u00f3 de la instalaci\u00f3n de cerca de 13 mil l\u00e1mparas con una inversi\u00f3n superior\na los 40 millones de pesos.<\/p>\n\n\n\n<p>Mientras\nque el resto de las acciones se enfocan en tequios en colonias y comunidades.<\/p>\n\n\n\n<p>En\nel casco principal de la cuidad, no se ejecutaron obras de impacto social; en\ntanto que, el problema de socavones contin\u00faa.<\/p>\n","protected":false},"excerpt":{"rendered":"<p>Yuri Sosa\/Zona Roja. Foto: Cortes\u00eda San Juan Bautista Tuxtepec, Oax.- 4 de enero de 2020.-&hellip;<\/p>\n","protected":false},"author":2,"featured_media":7289,"comment_status":"closed","ping_status":"open","sticky":false,"template":"","format":"standard","meta":{"_lmt_disableupdate":"","_lmt_disable":"","_jetpack_memberships_contains_paid_content":false,"footnotes":""},"categories":[1],"tags":[],"class_list":["post-7288","post","type-post","status-publish","format-standard","has-post-thumbnail","hentry","category-sin-categoria"],"jetpack_featured_media_url":"https:\/\/zonaroja.com.mx\/wp-content\/uploads\/2020\/01\/Fernando-Bautista-D\u00e1vila.jpg","jetpack_sharing_enabled":true,"_links":{"self":[{"href":"https:\/\/zonaroja.com.mx\/index.php?rest_route=\/wp\/v2\/posts\/7288","targetHints":{"allow":["GET"]}}],"collection":[{"href":"https:\/\/zonaroja.com.mx\/index.php?rest_route=\/wp\/v2\/posts"}],"about":[{"href":"https:\/\/zonaroja.com.mx\/index.php?rest_route=\/wp\/v2\/types\/post"}],"author":[{"embeddable":true,"href":"https:\/\/zonaroja.com.mx\/index.php?rest_route=\/wp\/v2\/users\/2"}],"replies":[{"embeddable":true,"href":"https:\/\/zonaroja.com.mx\/index.php?rest_route=%2Fwp%2Fv2%2Fcomments&post=7288"}],"version-history":[{"count":1,"href":"https:\/\/zonaroja.com.mx\/index.php?rest_route=\/wp\/v2\/posts\/7288\/revisions"}],"predecessor-version":[{"id":7290,"href":"https:\/\/zonaroja.com.mx\/index.php?rest_route=\/wp\/v2\/posts\/7288\/revisions\/7290"}],"wp:featuredmedia":[{"embeddable":true,"href":"https:\/\/zonaroja.com.mx\/index.php?rest_route=\/wp\/v2\/media\/7289"}],"wp:attachment":[{"href":"https:\/\/zonaroja.com.mx\/index.php?rest_route=%2Fwp%2Fv2%2Fmedia&parent=7288"}],"wp:term":[{"taxonomy":"category","embeddable":true,"href":"https:\/\/zonaroja.com.mx\/index.php?rest_route=%2Fwp%2Fv2%2Fcategories&post=7288"},{"taxonomy":"post_tag","embeddable":true,"href":"https:\/\/zonaroja.com.mx\/index.php?rest_route=%2Fwp%2Fv2%2Ftags&post=7288"}],"curies":[{"name":"wp","href":"https:\/\/api.w.org\/{rel}","templated":true}]}}