{"id":72880,"date":"2024-09-28T07:02:30","date_gmt":"2024-09-28T13:02:30","guid":{"rendered":"https:\/\/zonaroja.com.mx\/?p=72880"},"modified":"2024-09-28T07:02:32","modified_gmt":"2024-09-28T13:02:32","slug":"suman-65-municipios-de-oaxaca-afectados-por-las-lluvias","status":"publish","type":"post","link":"https:\/\/zonaroja.com.mx\/?p=72880","title":{"rendered":"Suman 65 municipios de Oaxaca afectados por las lluvias"},"content":{"rendered":"\n<p>Redacci\u00f3n\/Zona Roja.<\/p>\n\n\n\n<p>Oaxaca de Ju\u00e1rez, Oax., 29 de septiembre de 2024.- En la quinta sesi\u00f3n extraordinaria del Consejo Estatal de Protecci\u00f3n Civil realizada en Santiago Pinotepa Nacional, se inform\u00f3 que 65 municipios de las regiones de la Costa, Mixteca y Sierra Sur, han solicitado la Declaratoria de Desastre Natural.<\/p>\n\n\n\n<p>Estos municipios, a trav\u00e9s de la documentaci\u00f3n correspondiente han dado a conocer las afectaciones causadas por el meteoro, como deslizamientos de laderas, da\u00f1os a sus caminos, puentes, carreteras y tambi\u00e9n a sus accesos principales.&nbsp;<\/p>\n\n\n\n<p>En esta reuni\u00f3n presidida por el Gobernador del Estado, Salom\u00f3n Jara Cruz, se dio a conocer que en Santiago Jamiltepec se han entregado mil 500 despensas, 800 colchonetas; mientras que en Santiago Pinotepa Nacional 883 despensas, 200 paquetes de agua y 70 colchonetas, adem\u00e1s de contar con la planta potabilizadora de agua.&nbsp;<\/p>\n\n\n\n<p>Por su parte el Sistema Estatal para el Desarrollo Integral de la Familia (DIF) Oaxaca, entreg\u00f3 mil 300 dotaciones de v\u00edveres para las comunidades m\u00e1s afectadas de Santiago Pinotepa Nacional. Adem\u00e1s, algunas dotaciones m\u00e1s en Santa Mar\u00eda Huazolotitl\u00e1n, Villa de Tututepec y algunas localidades de la Sierra Sur.<\/p>\n\n\n\n<p>Hasta el momento, se contabilizan 250 afectaciones, de las cuales 110 han sido atendidas, entre fallas de energ\u00eda el\u00e9ctrica y v\u00edas de comunicaci\u00f3n.&nbsp;<\/p>\n\n\n\n<p>Tambi\u00e9n el Gabinete Legal y Ampliado dio a conocer las acciones realizadas en las \u00faltimas horas para restablecer diversos servicios para la poblaci\u00f3n.<\/p>\n\n\n\n<p>VIALIDADES AFECTADAS<\/p>\n\n\n\n<p>El Consejo Estatal de Protecci\u00f3n Civil informa sobre las afectaciones de la carretera 125 en las regiones de la Mixteca y Sierra Sur, ante las intensas lluvias que se ha registrado tras el paso del hurac\u00e1n \u201cJohn\u201d por el territorio estatal.<\/p>\n\n\n\n<p>Se registra afectaci\u00f3n a la circulaci\u00f3n vehicular por derrumbe en el kil\u00f3metro 82 de la carretera 125 a la altura de Tierra Blanca, Yosonduva Cuquila, Heroica Ciudad de Tlaxiaco. As\u00ed como en los kil\u00f3metros 66+700, 70+900 y 81+700.<\/p>\n\n\n\n<p>Derrumbes del kil\u00f3metro 117 al 194 en las poblaciones de San Mart\u00edn Itunyoso, Santa Mar\u00eda Yucunicoco, La Laguna de Guadalupe Yucunicoco y San Miguel Chicahuaxtla.&nbsp;&nbsp;<\/p>\n\n\n\n<p>Derrumbe en la carretera a Yucuda\u00e1 a la altura del kil\u00f3metro 55.5.<\/p>\n\n\n\n<p>En el municipio de Santiago Yosond\u00faa, en la agencia Plumas, se registra afectaci\u00f3n del puente que cruza sobre el r\u00edo Yutama.<\/p>\n\n\n\n<p>Se ubica un socav\u00f3n en el kil\u00f3metro 59+800 en el paraje La Curva del Tej\u00f3n.<\/p>\n\n\n\n<p>Derrumbe del talud del cerro en el kil\u00f3metro 195 de la carretera 125, perteneciente a la poblaci\u00f3n de San Andr\u00e9s Chicahuaxtla, Putla Villa de Guerrero, en la Sierra Sur.<\/p>\n\n\n\n<p>En este municipio tambi\u00e9n se registra afectaci\u00f3n a la vialidad por derrumbe del puente Copala a la altura del kil\u00f3metro 1 de la carretera a San Juan Lagunas.<\/p>\n\n\n\n<p>En la v\u00eda 2850 Ruta 125 se encuentra cerrado a la altura de la poblaci\u00f3n Benito Ju\u00e1rez de la Heroica Ciudad de Tlaxiaco, en la regi\u00f3n de la Mixteca.<\/p>\n\n\n\n<p>Esto, debido a deslaves en varios tramos del camino ocasionadas por las recientes lluvia que se registran en la entidad. En el caso de los kil\u00f3metros 66+700, 70+900 y 81+700, un solo carril est\u00e1 obstruido.<\/p>\n\n\n\n<p>En el kil\u00f3metro 82, los dos carriles no tienen paso, por lo que el trayecto hacia Carrizal se interrumpe.&nbsp;<\/p>\n","protected":false},"excerpt":{"rendered":"<p>Redacci\u00f3n\/Zona Roja. Oaxaca de Ju\u00e1rez, Oax., 29 de septiembre de 2024.- En la quinta sesi\u00f3n&hellip;<\/p>\n","protected":false},"author":2,"featured_media":72881,"comment_status":"closed","ping_status":"open","sticky":false,"template":"","format":"standard","meta":{"_lmt_disableupdate":"","_lmt_disable":"","_jetpack_memberships_contains_paid_content":false,"footnotes":""},"categories":[109,47],"tags":[4073],"class_list":["post-72880","post","type-post","status-publish","format-standard","has-post-thumbnail","hentry","category-minuto-a-minuto","category-zona-gris","tag-huracan-john"],"jetpack_featured_media_url":"https:\/\/zonaroja.com.mx\/wp-content\/uploads\/2024\/09\/Danos-carretera-John.jpeg","jetpack_sharing_enabled":true,"_links":{"self":[{"href":"https:\/\/zonaroja.com.mx\/index.php?rest_route=\/wp\/v2\/posts\/72880","targetHints":{"allow":["GET"]}}],"collection":[{"href":"https:\/\/zonaroja.com.mx\/index.php?rest_route=\/wp\/v2\/posts"}],"about":[{"href":"https:\/\/zonaroja.com.mx\/index.php?rest_route=\/wp\/v2\/types\/post"}],"author":[{"embeddable":true,"href":"https:\/\/zonaroja.com.mx\/index.php?rest_route=\/wp\/v2\/users\/2"}],"replies":[{"embeddable":true,"href":"https:\/\/zonaroja.com.mx\/index.php?rest_route=%2Fwp%2Fv2%2Fcomments&post=72880"}],"version-history":[{"count":1,"href":"https:\/\/zonaroja.com.mx\/index.php?rest_route=\/wp\/v2\/posts\/72880\/revisions"}],"predecessor-version":[{"id":72882,"href":"https:\/\/zonaroja.com.mx\/index.php?rest_route=\/wp\/v2\/posts\/72880\/revisions\/72882"}],"wp:featuredmedia":[{"embeddable":true,"href":"https:\/\/zonaroja.com.mx\/index.php?rest_route=\/wp\/v2\/media\/72881"}],"wp:attachment":[{"href":"https:\/\/zonaroja.com.mx\/index.php?rest_route=%2Fwp%2Fv2%2Fmedia&parent=72880"}],"wp:term":[{"taxonomy":"category","embeddable":true,"href":"https:\/\/zonaroja.com.mx\/index.php?rest_route=%2Fwp%2Fv2%2Fcategories&post=72880"},{"taxonomy":"post_tag","embeddable":true,"href":"https:\/\/zonaroja.com.mx\/index.php?rest_route=%2Fwp%2Fv2%2Ftags&post=72880"}],"curies":[{"name":"wp","href":"https:\/\/api.w.org\/{rel}","templated":true}]}}