{"id":72883,"date":"2024-09-28T10:30:00","date_gmt":"2024-09-28T16:30:00","guid":{"rendered":"https:\/\/zonaroja.com.mx\/?p=72883"},"modified":"2024-09-28T12:08:35","modified_gmt":"2024-09-28T18:08:35","slug":"viernes-fatal-dos-asesinados-en-el-istmo-y-tres-en-valles-centrales","status":"publish","type":"post","link":"https:\/\/zonaroja.com.mx\/?p=72883","title":{"rendered":"Viernes fatal: dos asesinados en el Istmo y tres en Valles Centrales"},"content":{"rendered":"\n<p>Ismael Garc\u00eda M.\/Zona Roja.<\/p>\n\n\n\n<p>Oaxaca de Ju\u00e1rez, Oax., a 28 de septiembre de 2024.- Cinco personas asesinadas y una m\u00e1s lesionada es el saldo de hechos delictivos ocurridos este viernes en las regiones Valles Centrales e Istmo de Tehuantepec.<\/p>\n\n\n\n<p>Anoche en un domicilio de la colonia La Soledad, junto al r\u00edo \u201cAtoyac\u201d y perteneciente a la agencia municipal de San Mart\u00edn Mexic\u00e1pam, sujetos armados dispararon en contra de varias personas.<\/p>\n\n\n\n<p>Como resultado de ello, dos individuos perdieron la vida y uno m\u00e1s result\u00f3 lesionado y trasladado a un hospital de la capital; hasta el momento se desconoce el m\u00f3vil de los homicidios y no hay reporte de personas detenidas.<\/p>\n\n\n\n<p>Tambi\u00e9n anoche pero en inmediaciones del camino al rancho Los Audelo y a carretera a Monte Alb\u00e1n, confluencia de Santa Mar\u00eda Atzompa y San Pedro Ixtlahuaca, fue hallado un cuerpo sin vida.<\/p>\n\n\n\n<p>Se encontraba envuelto en cobijas y presuntamente ten\u00eda varios disparos de arma de fuego; tambi\u00e9n se desconoce hasta el momento la identidad de la v\u00edctima.<\/p>\n\n\n\n<p>Mientras que ayer por la noche pero en el municipio de Juchit\u00e1n de Zaragoza, un individuo fue ejecutado y encerrado en la cajuela de un taxi del sitio \u201cChe Gorio Melendre\u201d, con n\u00famero econ\u00f3mico 00-010.<\/p>\n\n\n\n<p>Fue localizado en la calle Prolongaci\u00f3n de Vincente Guerrero, l\u00edmites de la colonia Adolfo C. Gurri\u00f3n y tampoco se tienen datos del hombre, que presenta huellas de tortura; se localiz\u00f3 tambi\u00e9n una cartulina con un supuesto \u201cnarcomensaje\u201d.<\/p>\n\n\n\n<p>Horas antes tambi\u00e9n en Juchit\u00e1n pero en la calle 5 de Mayo, Primera Secci\u00f3n, fue ejecutado a balazos a un individuo que transitaba por la zona.<\/p>\n\n\n\n<p>Personal param\u00e9dico del Heroico Cuerpo de Bomberos acudi\u00f3 a brindar los primeros auxilios pero el hombre ya hab\u00eda perdido la vida; fue identificado como Alberto M., de 47 a\u00f1os de edad.<\/p>\n","protected":false},"excerpt":{"rendered":"<p>Ismael Garc\u00eda M.\/Zona Roja. Oaxaca de Ju\u00e1rez, Oax., a 28 de septiembre de 2024.- Cinco&hellip;<\/p>\n","protected":false},"author":2,"featured_media":72884,"comment_status":"closed","ping_status":"open","sticky":false,"template":"","format":"standard","meta":{"_lmt_disableupdate":"","_lmt_disable":"","_jetpack_memberships_contains_paid_content":false,"footnotes":""},"categories":[109,51],"tags":[297,148],"class_list":["post-72883","post","type-post","status-publish","format-standard","has-post-thumbnail","hentry","category-minuto-a-minuto","category-zona-roja","tag-ejecutado-juchitan","tag-oaxaca-de-juarez"],"jetpack_featured_media_url":"https:\/\/zonaroja.com.mx\/wp-content\/uploads\/2024\/09\/Ejecutados-ciudad-de-Oaxaca.jpeg","jetpack_sharing_enabled":true,"_links":{"self":[{"href":"https:\/\/zonaroja.com.mx\/index.php?rest_route=\/wp\/v2\/posts\/72883","targetHints":{"allow":["GET"]}}],"collection":[{"href":"https:\/\/zonaroja.com.mx\/index.php?rest_route=\/wp\/v2\/posts"}],"about":[{"href":"https:\/\/zonaroja.com.mx\/index.php?rest_route=\/wp\/v2\/types\/post"}],"author":[{"embeddable":true,"href":"https:\/\/zonaroja.com.mx\/index.php?rest_route=\/wp\/v2\/users\/2"}],"replies":[{"embeddable":true,"href":"https:\/\/zonaroja.com.mx\/index.php?rest_route=%2Fwp%2Fv2%2Fcomments&post=72883"}],"version-history":[{"count":1,"href":"https:\/\/zonaroja.com.mx\/index.php?rest_route=\/wp\/v2\/posts\/72883\/revisions"}],"predecessor-version":[{"id":72885,"href":"https:\/\/zonaroja.com.mx\/index.php?rest_route=\/wp\/v2\/posts\/72883\/revisions\/72885"}],"wp:featuredmedia":[{"embeddable":true,"href":"https:\/\/zonaroja.com.mx\/index.php?rest_route=\/wp\/v2\/media\/72884"}],"wp:attachment":[{"href":"https:\/\/zonaroja.com.mx\/index.php?rest_route=%2Fwp%2Fv2%2Fmedia&parent=72883"}],"wp:term":[{"taxonomy":"category","embeddable":true,"href":"https:\/\/zonaroja.com.mx\/index.php?rest_route=%2Fwp%2Fv2%2Fcategories&post=72883"},{"taxonomy":"post_tag","embeddable":true,"href":"https:\/\/zonaroja.com.mx\/index.php?rest_route=%2Fwp%2Fv2%2Ftags&post=72883"}],"curies":[{"name":"wp","href":"https:\/\/api.w.org\/{rel}","templated":true}]}}