{"id":72886,"date":"2024-09-28T09:28:00","date_gmt":"2024-09-28T15:28:00","guid":{"rendered":"https:\/\/zonaroja.com.mx\/?p=72886"},"modified":"2024-09-28T07:34:05","modified_gmt":"2024-09-28T13:34:05","slug":"con-humildad-espana-debe-aprovechar-y-fortalecer-vinculos-con-mexico","status":"publish","type":"post","link":"https:\/\/zonaroja.com.mx\/?p=72886","title":{"rendered":"Con humildad, Espa\u00f1a debe aprovechar y fortalecer v\u00ednculos con M\u00e9xico"},"content":{"rendered":"\n<p>Raymundo Morales\/Zona Roja Cdmx.<\/p>\n\n\n\n<p>Ciudad de M\u00e9xico, a 28 de septiembre de 2024.- Senadores del Partido Morena respaldaron a la pr\u00f3xima Presidenta de M\u00e9xico, Claudia Sheinbaum Parto, en su postura ante el gobierno de Espa\u00f1a.<\/p>\n\n\n\n<p>El representante popular por Oaxaca, Antonino Morales Toledo, afirm\u00f3 que est\u00e1 plenamente justificado haber invitado \u00fanicamente al presidente del gobierno espa\u00f1ol a la ceremonia de transmisi\u00f3n del Poder Ejecutivo Federal, que ser\u00e1 el pr\u00f3ximo 1 de octubre.<\/p>\n\n\n\n<p>\u201cSin un reconocimiento y una disculpa por las atrocidades cometidas durante cinco siglos en nombre de la corona espa\u00f1ola en lo que hoy es territorio mexicano, la presencia del monarca Felipe VI ser\u00eda inaceptable para nosotros, descendientes de los pueblos originarios martirizados durante la invasi\u00f3n\u201d, expuso.<\/p>\n\n\n\n<p>Explic\u00f3 que el presidente Andr\u00e9s Manuel L\u00f3pez Obrador, haciendo un asunto de Estado el hist\u00f3rico reclamo de los pueblos y comunidades ind\u00edgenas y afromexicanos, ofreci\u00f3 al rey Felipe VI la oportunidad de hacer historia admitiendo su responsabilidad y disculp\u00e1ndose por los cr\u00edmenes cometidos.<\/p>\n\n\n\n<p>\u201cEn el marco del bicentenario de nuestra Independencia y con el noble objetivo de reconciliar a ambas naciones con su pasado com\u00fan, nuestro presidente envi\u00f3 una respetuosa y contundente comunicaci\u00f3n al rey de Espa\u00f1a para establecer una ruta conjunta con el prop\u00f3sito de redactar un nuevo relato sobre nuestra historia compartida. Sin embargo, recibi\u00f3 una respuesta displicente\u201d.<\/p>\n\n\n\n<p>Resalt\u00f3 que la determinaci\u00f3n de la Presidenta electa fue correcta y congruente, pues no puede construirse una nueva etapa de la relaci\u00f3n binacional sobre rencores, desencuentros y reproches.<\/p>\n\n\n\n<p>\u201cNo podemos cambiar la historia, pero podemos transformar nuestra relaci\u00f3n con ella. Es posible reconciliarnos con los hechos y sus protagonistas, reconoci\u00e9ndolos como parte fundacional de nuestra naci\u00f3n y del sincretismo de nuestra identidad\u201d, a\u00f1adi\u00f3 el senador zapoteco.<\/p>\n\n\n\n<p>Morales Toledo hizo un llamado al presidente espa\u00f1ol, Pedro S\u00e1nchez, y al rey Felipe VI a reconsiderar su posici\u00f3n, asumir con humildad su responsabilidad hist\u00f3rica y convertirse en protagonistas de la consolidaci\u00f3n de los lazos que unen a M\u00e9xico y Espa\u00f1a.<\/p>\n\n\n\n<p>\u201cEstar\u00edamos dando un ejemplo para resolver conflictos en todo el mundo que han perdurado durante siglos y solo han causado dolor y p\u00e9rdida de vidas\u201d, recalc\u00f3.<\/p>\n","protected":false},"excerpt":{"rendered":"<p>Raymundo Morales\/Zona Roja Cdmx. Ciudad de M\u00e9xico, a 28 de septiembre de 2024.- Senadores del&hellip;<\/p>\n","protected":false},"author":2,"featured_media":72068,"comment_status":"closed","ping_status":"open","sticky":false,"template":"","format":"standard","meta":{"_lmt_disableupdate":"","_lmt_disable":"","_jetpack_memberships_contains_paid_content":false,"footnotes":""},"categories":[109,46],"tags":[180],"class_list":["post-72886","post","type-post","status-publish","format-standard","has-post-thumbnail","hentry","category-minuto-a-minuto","category-zona-blanca","tag-antonino-morales-toledo"],"jetpack_featured_media_url":"https:\/\/zonaroja.com.mx\/wp-content\/uploads\/2024\/09\/Antonino-Morales-y-claudia-Sheinbaum.jpg","jetpack_sharing_enabled":true,"_links":{"self":[{"href":"https:\/\/zonaroja.com.mx\/index.php?rest_route=\/wp\/v2\/posts\/72886","targetHints":{"allow":["GET"]}}],"collection":[{"href":"https:\/\/zonaroja.com.mx\/index.php?rest_route=\/wp\/v2\/posts"}],"about":[{"href":"https:\/\/zonaroja.com.mx\/index.php?rest_route=\/wp\/v2\/types\/post"}],"author":[{"embeddable":true,"href":"https:\/\/zonaroja.com.mx\/index.php?rest_route=\/wp\/v2\/users\/2"}],"replies":[{"embeddable":true,"href":"https:\/\/zonaroja.com.mx\/index.php?rest_route=%2Fwp%2Fv2%2Fcomments&post=72886"}],"version-history":[{"count":1,"href":"https:\/\/zonaroja.com.mx\/index.php?rest_route=\/wp\/v2\/posts\/72886\/revisions"}],"predecessor-version":[{"id":72887,"href":"https:\/\/zonaroja.com.mx\/index.php?rest_route=\/wp\/v2\/posts\/72886\/revisions\/72887"}],"wp:featuredmedia":[{"embeddable":true,"href":"https:\/\/zonaroja.com.mx\/index.php?rest_route=\/wp\/v2\/media\/72068"}],"wp:attachment":[{"href":"https:\/\/zonaroja.com.mx\/index.php?rest_route=%2Fwp%2Fv2%2Fmedia&parent=72886"}],"wp:term":[{"taxonomy":"category","embeddable":true,"href":"https:\/\/zonaroja.com.mx\/index.php?rest_route=%2Fwp%2Fv2%2Fcategories&post=72886"},{"taxonomy":"post_tag","embeddable":true,"href":"https:\/\/zonaroja.com.mx\/index.php?rest_route=%2Fwp%2Fv2%2Ftags&post=72886"}],"curies":[{"name":"wp","href":"https:\/\/api.w.org\/{rel}","templated":true}]}}