{"id":72888,"date":"2024-09-28T10:34:00","date_gmt":"2024-09-28T16:34:00","guid":{"rendered":"https:\/\/zonaroja.com.mx\/?p=72888"},"modified":"2024-09-28T07:39:22","modified_gmt":"2024-09-28T13:39:22","slug":"amlo-impone-tambien-a-claudia-sheinbaum-al-oaxaqueno-adelfo-regino","status":"publish","type":"post","link":"https:\/\/zonaroja.com.mx\/?p=72888","title":{"rendered":"AMLO impone tambi\u00e9n a Claudia Sheinbaum al oaxaque\u00f1o Adelfo Regino"},"content":{"rendered":"\n<p>Redacci\u00f3n\/Zona Roja Cdmx.<\/p>\n\n\n\n<p>Ciudad de M\u00e9xico, a 28 de septiembre de 2024.- La presidenta electa Claudia Sheinbaum inform\u00f3 que Aar\u00f3n Mastache Mondrag\u00f3n continuar\u00e1 como subdirector general de Infraestructura Hidroagr\u00edcola de Conagua, y Adelfo Regino Montes seguir\u00e1 como director general del Instituto Nacional de los Pueblos Ind\u00edgenas (INPI).<\/p>\n\n\n\n<p>Mastache Mondrag\u00f3n es ingeniero agr\u00f3nomo especialista en bosques por la Universidad Aut\u00f3noma de Chapingo.<\/p>\n\n\n\n<p>Fue titular de la Unidad para la Defensa de los Derechos Humanos y Coordinador Ejecutivo Nacional del Mecanismo para la Protecci\u00f3n de Personas Defensoras de Derechos Humanos y Periodistas en la Secretar\u00eda de Gobernaci\u00f3n (2018 a 2020).<\/p>\n\n\n\n<p>Se desempe\u00f1\u00f3 en el Senado de la Rep\u00fablica LXII y LXIII Legislaturas como secretario t\u00e9cnico de la Comisi\u00f3n de Estudios Legislativos, Segunda, y fungi\u00f3 como secretario particular del entonces senador Alejandro Encinas Rodr\u00edguez (2012 a 2018).<\/p>\n\n\n\n<p>Colabor\u00f3 en la H. C\u00e1mara de Diputados del Congreso de la Uni\u00f3n, LXI Legislatura (2009 a 2011).<\/p>\n\n\n\n<p>Coordinador de Asesores en la Jefatura de Gobierno del Distrito Federal (2003 a 2005), en el periodo de Andr\u00e9s Manuel L\u00f3pez Obrador.<\/p>\n\n\n\n<p>En el gobierno del entonces Distrito Federal se desempe\u00f1\u00f3 en diferentes puestos, como director general de la Comisi\u00f3n de Recursos Naturales, secretario del Medio Ambiente, director general del Fondo de Desarrollo Econ\u00f3mico del Distrito Federal y director general del Fondo para el Desarrollo Social de la Ciudad de M\u00e9xico (1997 a 2003).<\/p>\n\n\n\n<p>Fue funcionario de la Secretar\u00eda de Agricultura y Recursos Hidra\u00falicos (1978 a 1995).<\/p>\n\n\n\n<p>ADELFO REGINO<\/p>\n\n\n\n<p>Regino Montes es activista, formador y escritor sobre los derechos de los pueblos ind\u00edgenas. Abogado egresado de la Facultad de Derecho y Ciencias Sociales de la Universidad Aut\u00f3noma \u201cBenito Ju\u00e1rez\u201d de Oaxaca (1995).<\/p>\n\n\n\n<p>Fue fundador, promotor e impulsor del Bachillerato Integral Comunitario \u201cKontoy- Taj\u00eb\u00ebw\u201d con sede en la comunidad Alotepec Mixe, que puso en pr\u00e1ctica una nueva modalidad educativa acorde a las necesidades y cultura del Pueblo Mixe y de otros pueblos ind\u00edgenas del Estado de Oaxaca (2001).<\/p>\n\n\n\n<p>Particip\u00f3 en el proceso de elaboraci\u00f3n y formulaci\u00f3n del reconocimiento de los derechos ind\u00edgenas en la Constituci\u00f3n Pol\u00edtica del Estado Libre y Soberano de Oaxaca, en la Ley de Derechos de los Pueblos y Comunidades Ind\u00edgenas del Estado de Oaxaca y en el Libro VI relativo a elecciones de autoridades en municipios ind\u00edgenas del C\u00f3digo de Instituciones Pol\u00edticas y Procedimientos Electorales del Estado de Oaxaca.<\/p>\n\n\n\n<p>Fue tambi\u00e9n asesor del Ej\u00e9rcito Zapatista de Liberaci\u00f3n Nacional (EZLN) en el marco de los Di\u00e1logos de San Andr\u00e9s sobre los Derechos y Cultura Ind\u00edgenas (1995- 1996).<\/p>\n\n\n\n<p>Es fundador del Congreso Nacional Ind\u00edgena, como espacio de encuentro nacional de los Pueblos Ind\u00edgenas de M\u00e9xico (1996) y miembro de la Comisi\u00f3n de Seguimiento del mismo (1996-2004).<\/p>\n\n\n\n<p>Es director general del Instituto Nacional de los Pueblos Ind\u00edgenas (INPI), desde el 5 de diciembre de 2018.<\/p>\n\n\n\n<p>Al frente de esta responsabilidad y encargo, se destaca que ha impulsado: La Ley de creaci\u00f3n del Instituto Nacional de los Pueblos Ind\u00edgenas, en la que se reconoce a los pueblos ind\u00edgenas y afromexicano como sujetos de derecho p\u00fablico.<\/p>\n","protected":false},"excerpt":{"rendered":"<p>Redacci\u00f3n\/Zona Roja Cdmx. Ciudad de M\u00e9xico, a 28 de septiembre de 2024.- La presidenta electa&hellip;<\/p>\n","protected":false},"author":2,"featured_media":72889,"comment_status":"closed","ping_status":"open","sticky":false,"template":"","format":"standard","meta":{"_lmt_disableupdate":"","_lmt_disable":"","_jetpack_memberships_contains_paid_content":false,"footnotes":""},"categories":[109,46],"tags":[557,3370],"class_list":["post-72888","post","type-post","status-publish","format-standard","has-post-thumbnail","hentry","category-minuto-a-minuto","category-zona-blanca","tag-adelfo-regino-montes","tag-claudia-sheinbaum"],"jetpack_featured_media_url":"https:\/\/zonaroja.com.mx\/wp-content\/uploads\/2024\/09\/Adelfo-Regino-Claudia-Sheinbaum.webp","jetpack_sharing_enabled":true,"_links":{"self":[{"href":"https:\/\/zonaroja.com.mx\/index.php?rest_route=\/wp\/v2\/posts\/72888","targetHints":{"allow":["GET"]}}],"collection":[{"href":"https:\/\/zonaroja.com.mx\/index.php?rest_route=\/wp\/v2\/posts"}],"about":[{"href":"https:\/\/zonaroja.com.mx\/index.php?rest_route=\/wp\/v2\/types\/post"}],"author":[{"embeddable":true,"href":"https:\/\/zonaroja.com.mx\/index.php?rest_route=\/wp\/v2\/users\/2"}],"replies":[{"embeddable":true,"href":"https:\/\/zonaroja.com.mx\/index.php?rest_route=%2Fwp%2Fv2%2Fcomments&post=72888"}],"version-history":[{"count":1,"href":"https:\/\/zonaroja.com.mx\/index.php?rest_route=\/wp\/v2\/posts\/72888\/revisions"}],"predecessor-version":[{"id":72890,"href":"https:\/\/zonaroja.com.mx\/index.php?rest_route=\/wp\/v2\/posts\/72888\/revisions\/72890"}],"wp:featuredmedia":[{"embeddable":true,"href":"https:\/\/zonaroja.com.mx\/index.php?rest_route=\/wp\/v2\/media\/72889"}],"wp:attachment":[{"href":"https:\/\/zonaroja.com.mx\/index.php?rest_route=%2Fwp%2Fv2%2Fmedia&parent=72888"}],"wp:term":[{"taxonomy":"category","embeddable":true,"href":"https:\/\/zonaroja.com.mx\/index.php?rest_route=%2Fwp%2Fv2%2Fcategories&post=72888"},{"taxonomy":"post_tag","embeddable":true,"href":"https:\/\/zonaroja.com.mx\/index.php?rest_route=%2Fwp%2Fv2%2Ftags&post=72888"}],"curies":[{"name":"wp","href":"https:\/\/api.w.org\/{rel}","templated":true}]}}