{"id":72891,"date":"2024-09-28T10:42:00","date_gmt":"2024-09-28T16:42:00","guid":{"rendered":"https:\/\/zonaroja.com.mx\/?p=72891"},"modified":"2024-09-28T07:51:08","modified_gmt":"2024-09-28T13:51:08","slug":"pueblos-de-ixtayutla-y-jamiltepec-demandan-ayuda-tras-desastre","status":"publish","type":"post","link":"https:\/\/zonaroja.com.mx\/?p=72891","title":{"rendered":"Pueblos de Ixtayutla y Jamiltepec demandan ayuda, tras desastre"},"content":{"rendered":"\n<p>Raymundo Morales\/Zona Roja.<\/p>\n\n\n\n<p>Oaxaca de Ju\u00e1rez, Oax., a 28 de septiembre de 2024.- Autoridades de la agencia de Corral de Piedra, perteneciente al municipio de Santiago Ixtayutla, y Paso de la Reina, Santiago Jamiltepec, solicitaron ayuda humanitaria.&nbsp;<\/p>\n\n\n\n<p>A trav\u00e9s de oficios dirigidos el pasado 25 de septiembre al gobernador de Oaxaca, Salom\u00f3n Jara Cruz, pidieron apoyo para sus comunidades severamente da\u00f1adas por los impactos del hurac\u00e1n \u201cJohn\u201d.&nbsp;<\/p>\n\n\n\n<p>Terrenos inundados, cortes de caminos, derrumbes, viviendas colapsadas, son parte de las afectaciones que las comunidades est\u00e1n enfrentando sin apoyo oficial.<\/p>\n\n\n\n<p>La agencia municipal Paso de la Reina, demanda apoyo para la rehabilitaci\u00f3n de sus caminos y para la compostura de la red de drenaje. Esta comunidad est\u00e1 pr\u00e1cticamente incomunicada y sin alimentos por las fuertes tormentas que inundaron sus terrenos de cultivo.<\/p>\n\n\n\n<p>Las autoridades de Corral de Piedra tambi\u00e9n demandaron apoyo frente a la p\u00e9rdida significativa de sus cosechas, principalmente de chile, calabaza, frijol, jamaica, ma\u00edz y otros cultivos, afectando el sustento de las familias.&nbsp;<\/p>\n\n\n\n<p>Indicaron que se quedaron sin el servicio de agua debido al derrumbe de cerros que impactaron en las tuber\u00edas de agua potable mismas que surte a la poblaci\u00f3n.&nbsp;<\/p>\n\n\n\n<p>Casas destruidas, as\u00ed como da\u00f1os en la escuela primaria y la agencia, son s\u00f3lo algunos de los graves impactos que tuvieron las fuertes tormentas en la comunidad.<\/p>\n\n\n\n<p>En tanto, el gobernador Salom\u00f3n Jara, difundi\u00f3 en sus redes sociales el apoyo otorgado por su gobierno a la poblaci\u00f3n coste\u00f1a: \u201cEstamos atendiendo a todas las comunidades afectadas en la regi\u00f3n de la Costa, en estrecha coordinaci\u00f3n con instituciones estatales y federales para apoyar a las personas afectadas por las lluvias y afectaciones del hurac\u00e1n \u2018John\u2019\u201d.<\/p>\n\n\n\n<p>(Informaci\u00f3n de Educa A. C.)<\/p>\n","protected":false},"excerpt":{"rendered":"<p>Raymundo Morales\/Zona Roja. Oaxaca de Ju\u00e1rez, Oax., a 28 de septiembre de 2024.- Autoridades de&hellip;<\/p>\n","protected":false},"author":2,"featured_media":72893,"comment_status":"closed","ping_status":"open","sticky":false,"template":"","format":"standard","meta":{"_lmt_disableupdate":"","_lmt_disable":"","_jetpack_memberships_contains_paid_content":false,"footnotes":""},"categories":[109,47],"tags":[],"class_list":["post-72891","post","type-post","status-publish","format-standard","has-post-thumbnail","hentry","category-minuto-a-minuto","category-zona-gris"],"jetpack_featured_media_url":"https:\/\/zonaroja.com.mx\/wp-content\/uploads\/2024\/09\/Danos-lluvias-Jamiltepec.jpg","jetpack_sharing_enabled":true,"_links":{"self":[{"href":"https:\/\/zonaroja.com.mx\/index.php?rest_route=\/wp\/v2\/posts\/72891","targetHints":{"allow":["GET"]}}],"collection":[{"href":"https:\/\/zonaroja.com.mx\/index.php?rest_route=\/wp\/v2\/posts"}],"about":[{"href":"https:\/\/zonaroja.com.mx\/index.php?rest_route=\/wp\/v2\/types\/post"}],"author":[{"embeddable":true,"href":"https:\/\/zonaroja.com.mx\/index.php?rest_route=\/wp\/v2\/users\/2"}],"replies":[{"embeddable":true,"href":"https:\/\/zonaroja.com.mx\/index.php?rest_route=%2Fwp%2Fv2%2Fcomments&post=72891"}],"version-history":[{"count":1,"href":"https:\/\/zonaroja.com.mx\/index.php?rest_route=\/wp\/v2\/posts\/72891\/revisions"}],"predecessor-version":[{"id":72894,"href":"https:\/\/zonaroja.com.mx\/index.php?rest_route=\/wp\/v2\/posts\/72891\/revisions\/72894"}],"wp:featuredmedia":[{"embeddable":true,"href":"https:\/\/zonaroja.com.mx\/index.php?rest_route=\/wp\/v2\/media\/72893"}],"wp:attachment":[{"href":"https:\/\/zonaroja.com.mx\/index.php?rest_route=%2Fwp%2Fv2%2Fmedia&parent=72891"}],"wp:term":[{"taxonomy":"category","embeddable":true,"href":"https:\/\/zonaroja.com.mx\/index.php?rest_route=%2Fwp%2Fv2%2Fcategories&post=72891"},{"taxonomy":"post_tag","embeddable":true,"href":"https:\/\/zonaroja.com.mx\/index.php?rest_route=%2Fwp%2Fv2%2Ftags&post=72891"}],"curies":[{"name":"wp","href":"https:\/\/api.w.org\/{rel}","templated":true}]}}