{"id":72895,"date":"2024-09-28T08:35:00","date_gmt":"2024-09-28T14:35:00","guid":{"rendered":"https:\/\/zonaroja.com.mx\/?p=72895"},"modified":"2024-09-28T08:43:46","modified_gmt":"2024-09-28T14:43:46","slug":"muere-corredora-mordida-por-perros-pitbull-en-oaxaca","status":"publish","type":"post","link":"https:\/\/zonaroja.com.mx\/?p=72895","title":{"rendered":"Muere corredora mordida por perros Pitbull en Oaxaca"},"content":{"rendered":"\n<p>Raymundo Morales\/Zona Roja.<\/p>\n\n\n\n<p>Oaxaca de Ju\u00e1rez, Oax., a 28 de septiembre de 2024.- La corredora oaxaque\u00f1a Isidra Torres perdi\u00f3 la vida en las primeras horas de este s\u00e1bado en un hospital, tras los ataques recibidos por perros de la raza Pitbull en jurisdicci\u00f3n de San Francisco Tutla, el pasado 1 de septiembre.<\/p>\n\n\n\n<p>Un familiar de la v\u00edctima comunic\u00f3 esta ma\u00f1ana el fatal desenlace, al noticiario de Radio ORO, que conduce el periodista Humberto Cruz Mat\u00edas.<\/p>\n\n\n\n<p>Para este lunes 30 de septiembre se ten\u00eda programada una carrera a favor de la ex atleta, a partir de las 08:00 horas desde la fuente de las Ocho Regiones de la ciudad de Oaxaca, para exigir justicia y apoyo para la corredora.<\/p>\n\n\n\n<p>Hasta el momento se desconoce si se mantiene dicha actividad con exigencia o continuar\u00e1 para demandar castigo al o los due\u00f1os de los perros de raza Pitbull.<\/p>\n\n\n\n<p>Isidra Torres sal\u00eda la noche del 1 de septiembre de su domicilio, en San Francisco Tutla, agencia de Santa Luc\u00eda del Camino, cuando fue atacada por los canes de su vecino; su hija intervino pero ya hab\u00eda sido lesionada de gravedad.<\/p>\n\n\n\n<p>Fue trasladada a un hospital, donde posteriormente se inform\u00f3 que hab\u00eda perdido una extremidad, debido a las fuertes lesiones.<\/p>\n\n\n\n<p>Tras ello, la Fiscal\u00eda General del Estado de Oaxaca inici\u00f3 las indagatorias correspondientes y posteriormente informo que se buscaba un acuerdo preparatorio entre las partes, pues un juez del Poder Judicial hab\u00eda negado la orden de aprehensi\u00f3n.<\/p>\n\n\n\n<p>Isidra Torres era una reconocida atleta y recientemente hab\u00eda participado en el Marat\u00f3n de la Ciudad de M\u00e9xico.<\/p>\n","protected":false},"excerpt":{"rendered":"<p>Raymundo Morales\/Zona Roja. Oaxaca de Ju\u00e1rez, Oax., a 28 de septiembre de 2024.- La corredora&hellip;<\/p>\n","protected":false},"author":2,"featured_media":72896,"comment_status":"closed","ping_status":"open","sticky":false,"template":"","format":"standard","meta":{"_lmt_disableupdate":"","_lmt_disable":"","_jetpack_memberships_contains_paid_content":false,"footnotes":""},"categories":[109,47],"tags":[4066],"class_list":["post-72895","post","type-post","status-publish","format-standard","has-post-thumbnail","hentry","category-minuto-a-minuto","category-zona-gris","tag-isidra-torres"],"jetpack_featured_media_url":"https:\/\/zonaroja.com.mx\/wp-content\/uploads\/2024\/09\/Corredora-Isidra-Torres.jpg","jetpack_sharing_enabled":true,"_links":{"self":[{"href":"https:\/\/zonaroja.com.mx\/index.php?rest_route=\/wp\/v2\/posts\/72895","targetHints":{"allow":["GET"]}}],"collection":[{"href":"https:\/\/zonaroja.com.mx\/index.php?rest_route=\/wp\/v2\/posts"}],"about":[{"href":"https:\/\/zonaroja.com.mx\/index.php?rest_route=\/wp\/v2\/types\/post"}],"author":[{"embeddable":true,"href":"https:\/\/zonaroja.com.mx\/index.php?rest_route=\/wp\/v2\/users\/2"}],"replies":[{"embeddable":true,"href":"https:\/\/zonaroja.com.mx\/index.php?rest_route=%2Fwp%2Fv2%2Fcomments&post=72895"}],"version-history":[{"count":1,"href":"https:\/\/zonaroja.com.mx\/index.php?rest_route=\/wp\/v2\/posts\/72895\/revisions"}],"predecessor-version":[{"id":72897,"href":"https:\/\/zonaroja.com.mx\/index.php?rest_route=\/wp\/v2\/posts\/72895\/revisions\/72897"}],"wp:featuredmedia":[{"embeddable":true,"href":"https:\/\/zonaroja.com.mx\/index.php?rest_route=\/wp\/v2\/media\/72896"}],"wp:attachment":[{"href":"https:\/\/zonaroja.com.mx\/index.php?rest_route=%2Fwp%2Fv2%2Fmedia&parent=72895"}],"wp:term":[{"taxonomy":"category","embeddable":true,"href":"https:\/\/zonaroja.com.mx\/index.php?rest_route=%2Fwp%2Fv2%2Fcategories&post=72895"},{"taxonomy":"post_tag","embeddable":true,"href":"https:\/\/zonaroja.com.mx\/index.php?rest_route=%2Fwp%2Fv2%2Ftags&post=72895"}],"curies":[{"name":"wp","href":"https:\/\/api.w.org\/{rel}","templated":true}]}}