{"id":72908,"date":"2024-09-28T15:04:00","date_gmt":"2024-09-28T21:04:00","guid":{"rendered":"https:\/\/zonaroja.com.mx\/?p=72908"},"modified":"2024-09-28T13:08:51","modified_gmt":"2024-09-28T19:08:51","slug":"enesimo-ataque-de-israel-contra-hezbollah-y-ahora-mata-a-lider-fundador","status":"publish","type":"post","link":"https:\/\/zonaroja.com.mx\/?p=72908","title":{"rendered":"En\u00e9simo ataque de Israel contra Hezbollah y ahora mata a l\u00edder fundador"},"content":{"rendered":"\n<p>Redacci\u00f3n\/Zona Roja Cdmx.<\/p>\n\n\n\n<p>Ciudad de M\u00e9xico, a 28 de septiembre de 2024.- El grupo liban\u00e9s Hezbollah confirm\u00f3 este s\u00e1bado que su l\u00edder y uno de sus fundadores, Hassan Nasrallah, muri\u00f3 en un ataque a\u00e9reo israel\u00ed en Beirut el d\u00eda anterior.<\/p>\n\n\n\n<p>Un comunicado dijo que Nasrallah \u00abse ha unido a sus compa\u00f1eros m\u00e1rtires\u00bb. Hezbollah prometi\u00f3 \u00abcontinuar la guerra santa contra el enemigo y en apoyo de Palestina\u201d.<\/p>\n\n\n\n<p>Nasrallah, quien dirigi\u00f3 a Hezbollah durante m\u00e1s de tres d\u00e9cadas, es, con mucho, el objetivo m\u00e1s poderoso que ha matado Israel en semanas de intensificaci\u00f3n de los combates con Hezbollah. El ej\u00e9rcito israel\u00ed dijo que llev\u00f3 a cabo un ataque a\u00e9reo preciso el viernes mientras los l\u00edderes de Hezbollah se reun\u00edan en su cuartel general en Dahiyeh, al sur de Beirut.<\/p>\n\n\n\n<p>El Ministerio de Salud liban\u00e9s inform\u00f3 que seis personas murieron y 91 resultaron heridas en los ataques, que destruyeron seis edificios de departamentos. Ali Karki, comandante del Frente Sur de Hezbollah, y otros comandantes tambi\u00e9n murieron, dijo el ej\u00e9rcito israel\u00ed.<\/p>\n\n\n\n<p>Ir\u00e1n anunci\u00f3 este s\u00e1bado que un destacado general de su guardia revolucionaria paramilitar sancionado por Estados Unidos muri\u00f3 en el mismo ataque a\u00e9reo. Abbas Nilforushan, de 58 a\u00f1os, a quien Estados Unidos identific\u00f3 como el subcomandante de operaciones de la Guardia, muri\u00f3 el viernes, inform\u00f3 la agencia de noticias estatal iran\u00ed IRNA.<\/p>\n\n\n\n<p>Por otra parte, una fuente de seguridad libanesa afirm\u00f3 el s\u00e1bado que Israel hab\u00eda bombardeado un dep\u00f3sito cerca del aeropuerto de Beirut, adyacente al basti\u00f3n del movimiento islamista Hezbollah en los suburbios del sur de la capital.<\/p>\n\n\n\n<p>Im\u00e1genes transmitidas en directo por AFP mostraron columnas de humo que se elevaban desde una zona cercana a las pistas de aterrizaje.<\/p>\n\n\n\n<p>Informaci\u00f3n de agencias AP y AFP en \u201cLa Jornada\u201d)<\/p>\n","protected":false},"excerpt":{"rendered":"<p>Redacci\u00f3n\/Zona Roja Cdmx. Ciudad de M\u00e9xico, a 28 de septiembre de 2024.- El grupo liban\u00e9s&hellip;<\/p>\n","protected":false},"author":2,"featured_media":72909,"comment_status":"closed","ping_status":"open","sticky":false,"template":"","format":"standard","meta":{"_lmt_disableupdate":"","_lmt_disable":"","_jetpack_memberships_contains_paid_content":false,"footnotes":""},"categories":[109,47],"tags":[2668],"class_list":["post-72908","post","type-post","status-publish","format-standard","has-post-thumbnail","hentry","category-minuto-a-minuto","category-zona-gris","tag-conflicto-gaza-israel"],"jetpack_featured_media_url":"https:\/\/zonaroja.com.mx\/wp-content\/uploads\/2024\/09\/Lider-Hezbullah.jpg","jetpack_sharing_enabled":true,"_links":{"self":[{"href":"https:\/\/zonaroja.com.mx\/index.php?rest_route=\/wp\/v2\/posts\/72908","targetHints":{"allow":["GET"]}}],"collection":[{"href":"https:\/\/zonaroja.com.mx\/index.php?rest_route=\/wp\/v2\/posts"}],"about":[{"href":"https:\/\/zonaroja.com.mx\/index.php?rest_route=\/wp\/v2\/types\/post"}],"author":[{"embeddable":true,"href":"https:\/\/zonaroja.com.mx\/index.php?rest_route=\/wp\/v2\/users\/2"}],"replies":[{"embeddable":true,"href":"https:\/\/zonaroja.com.mx\/index.php?rest_route=%2Fwp%2Fv2%2Fcomments&post=72908"}],"version-history":[{"count":1,"href":"https:\/\/zonaroja.com.mx\/index.php?rest_route=\/wp\/v2\/posts\/72908\/revisions"}],"predecessor-version":[{"id":72910,"href":"https:\/\/zonaroja.com.mx\/index.php?rest_route=\/wp\/v2\/posts\/72908\/revisions\/72910"}],"wp:featuredmedia":[{"embeddable":true,"href":"https:\/\/zonaroja.com.mx\/index.php?rest_route=\/wp\/v2\/media\/72909"}],"wp:attachment":[{"href":"https:\/\/zonaroja.com.mx\/index.php?rest_route=%2Fwp%2Fv2%2Fmedia&parent=72908"}],"wp:term":[{"taxonomy":"category","embeddable":true,"href":"https:\/\/zonaroja.com.mx\/index.php?rest_route=%2Fwp%2Fv2%2Fcategories&post=72908"},{"taxonomy":"post_tag","embeddable":true,"href":"https:\/\/zonaroja.com.mx\/index.php?rest_route=%2Fwp%2Fv2%2Ftags&post=72908"}],"curies":[{"name":"wp","href":"https:\/\/api.w.org\/{rel}","templated":true}]}}