{"id":72914,"date":"2024-09-28T20:19:44","date_gmt":"2024-09-29T02:19:44","guid":{"rendered":"https:\/\/zonaroja.com.mx\/?p=72914"},"modified":"2024-09-28T20:19:46","modified_gmt":"2024-09-29T02:19:46","slug":"confirman-deceso-de-abuelo-y-nieto-por-lluvias-suman-cinco-muertes-en-oaxaca","status":"publish","type":"post","link":"https:\/\/zonaroja.com.mx\/?p=72914","title":{"rendered":"Confirman deceso de abuelo y nieto por lluvias; suman cinco muertes en Oaxaca"},"content":{"rendered":"\n<p>Ismael Garc\u00eda M.\/Zona Roja.<\/p>\n\n\n\n<p>Oaxaca de Ju\u00e1rez, Oax., a 28 de septiembre de 2924.- El gobierno de Oaxaca confirm\u00f3 que ya fueron rescatados los cuerpos sin vida de dos personas, tras ser sepultados por el deslizamiento de una ladera en Coicoy\u00e1n de Las Flores, municipio de la regi\u00f3n Mixteca del estado.<\/p>\n\n\n\n<p>A trav\u00e9s de la Coordinaci\u00f3n Estatal de Protecci\u00f3n Civil y Gesti\u00f3n de Riesgo detall\u00f3 que luego del reporte de dos personas desaparecidas por el deslizamiento de una ladera, los cuerpos ya fueron recuperados.&nbsp;<\/p>\n\n\n\n<p>La desaparici\u00f3n de las dos personas -el se\u00f1or y su nieto- se registr\u00f3 este viernes en el barrio de San Sebasti\u00e1n, por lo que luego de los trabajos coordinados este s\u00e1bado se logr\u00f3 la recuperaci\u00f3n de los cuerpos.<\/p>\n\n\n\n<p>Las v\u00edctimas fueron identificadas como Celso O. L., de 55 a\u00f1os de edad, y su nieto Oswaldo R. O., de 12 a\u00f1os de edad.<\/p>\n\n\n\n<p>Fue la madrugada de este s\u00e1bado cuando los habitantes con picos, palas y maquinaria, empezaron a quitar la tierra, y horas despu\u00e9s rescataron a los cad\u00e1veres.\u00a0<\/p>\n\n\n\n<p>En la semana que termina, dos mujeres fallecieron tambi\u00e9n como resultado de las intensas lluvias, en dos hechos distintos, ocurridos en el municipio de Santiago Amoltepec.<\/p>\n\n\n\n<p>Asimismo, en San Jos\u00e9 del Pe\u00f1asco, municipio de Miahuatl\u00e1n de Porfirio D\u00edaz, un r\u00edo arrastr\u00f3 a una persona adulta y el cuerpo sin vida fue rescatado dos d\u00edas despu\u00e9s.<\/p>\n","protected":false},"excerpt":{"rendered":"<p>Ismael Garc\u00eda M.\/Zona Roja. Oaxaca de Ju\u00e1rez, Oax., a 28 de septiembre de 2924.- El&hellip;<\/p>\n","protected":false},"author":2,"featured_media":72915,"comment_status":"closed","ping_status":"open","sticky":false,"template":"","format":"standard","meta":{"_lmt_disableupdate":"","_lmt_disable":"","_jetpack_memberships_contains_paid_content":false,"footnotes":""},"categories":[109,47],"tags":[848],"class_list":["post-72914","post","type-post","status-publish","format-standard","has-post-thumbnail","hentry","category-minuto-a-minuto","category-zona-gris","tag-danos-lluvias-oaxaca"],"jetpack_featured_media_url":"https:\/\/zonaroja.com.mx\/wp-content\/uploads\/2024\/09\/Muertos-Coicoyan-lluvias-Oaxaca.jpeg","jetpack_sharing_enabled":true,"_links":{"self":[{"href":"https:\/\/zonaroja.com.mx\/index.php?rest_route=\/wp\/v2\/posts\/72914","targetHints":{"allow":["GET"]}}],"collection":[{"href":"https:\/\/zonaroja.com.mx\/index.php?rest_route=\/wp\/v2\/posts"}],"about":[{"href":"https:\/\/zonaroja.com.mx\/index.php?rest_route=\/wp\/v2\/types\/post"}],"author":[{"embeddable":true,"href":"https:\/\/zonaroja.com.mx\/index.php?rest_route=\/wp\/v2\/users\/2"}],"replies":[{"embeddable":true,"href":"https:\/\/zonaroja.com.mx\/index.php?rest_route=%2Fwp%2Fv2%2Fcomments&post=72914"}],"version-history":[{"count":1,"href":"https:\/\/zonaroja.com.mx\/index.php?rest_route=\/wp\/v2\/posts\/72914\/revisions"}],"predecessor-version":[{"id":72916,"href":"https:\/\/zonaroja.com.mx\/index.php?rest_route=\/wp\/v2\/posts\/72914\/revisions\/72916"}],"wp:featuredmedia":[{"embeddable":true,"href":"https:\/\/zonaroja.com.mx\/index.php?rest_route=\/wp\/v2\/media\/72915"}],"wp:attachment":[{"href":"https:\/\/zonaroja.com.mx\/index.php?rest_route=%2Fwp%2Fv2%2Fmedia&parent=72914"}],"wp:term":[{"taxonomy":"category","embeddable":true,"href":"https:\/\/zonaroja.com.mx\/index.php?rest_route=%2Fwp%2Fv2%2Fcategories&post=72914"},{"taxonomy":"post_tag","embeddable":true,"href":"https:\/\/zonaroja.com.mx\/index.php?rest_route=%2Fwp%2Fv2%2Ftags&post=72914"}],"curies":[{"name":"wp","href":"https:\/\/api.w.org\/{rel}","templated":true}]}}