{"id":7292,"date":"2020-01-04T13:32:35","date_gmt":"2020-01-04T19:32:35","guid":{"rendered":"https:\/\/www.zonaroja.com.mx\/?p=7292"},"modified":"2020-01-04T14:26:52","modified_gmt":"2020-01-04T20:26:52","slug":"en-el-dia-del-periodista-reportera-oaxaquena-exige-justicia-por-agresion-sufrida-hace-un-mes","status":"publish","type":"post","link":"https:\/\/zonaroja.com.mx\/?p=7292","title":{"rendered":"En el D\u00eda del Periodista, reportera oaxaque\u00f1a exige justicia por agresi\u00f3n sufrida hace un mes"},"content":{"rendered":"\n<p>Redacci\u00f3n\/Zona Roja.&nbsp;<\/p>\n\n\n\n<p>Oaxaca de Ju\u00e1rez, Oax., 4 de enero de 2019.- En la conmemoraci\u00f3n del D\u00eda del Periodista, la reportera oaxaque\u00f1a Rebeca Luna Jim\u00e9nez inici\u00f3 un \u201cplant\u00f3n\u201d a las afueras de Palacio de Gobierno, para denunciar la agresi\u00f3n que sufri\u00f3 el pasado 3 de diciembre por parte de habitantes de Santa Mar\u00eda Teopoxco, que se manifestaban en inmediaciones del Congreso local.<\/p>\n\n\n\n<p>Sin pancartas y \u00fanicamente con su presencia, ya que asegura de todas formas la prensa no es tomada en cuenta por el gobierno que encabeza Alejandro Murat Hinojosa, inici\u00f3 su protesta &nbsp;que dijo no mover\u00e1 hasta que se le haga justicia, en un pa\u00eds que se ha convertido en el m\u00e1s riesgoso para practicar el oficio period\u00edstico.<\/p>\n\n\n\n<p>Luna Jim\u00e9nez indic\u00f3 que el d\u00eda de la agresi\u00f3n s\u00f3lo realizaba su labor cuando fue golpeada y atacada a palos dej\u00e1ndole lastimados principalmente los brazos y las manos, situaci\u00f3n que qued\u00f3 registrada en videos que se difundieron a trav\u00e9s de las redes sociales en los cuales se puede identificar perfectamente a los agresores.<\/p>\n\n\n\n<p>Por lo anterior pidi\u00f3 a la Fiscal\u00eda General del Estado de Oaxaca la aplicaci\u00f3n de justicia pronta y expedita, a la par que recrimin\u00f3 que no fue sino hasta que anunci\u00f3 su protesta que las autoridades de esta dependencia la contactaron para condicionar su atenci\u00f3n y pedir que no se manifestara.\u00a0\u00a0<\/p>\n\n\n\n<figure class=\"wp-block-embed-twitter wp-block-embed is-type-rich is-provider-twitter\"><div class=\"wp-block-embed__wrapper\">\n<div class=\"twitter-tweet\"><blockquote class=\"twitter-tweet\" data-lang=\"es\"><p lang=\"es\" dir=\"ltr\"><a href=\"https:\/\/twitter.com\/hashtag\/OaxacaGris?src=hash&amp;ref_src=twsrc%5Etfw\">#OaxacaGris<\/a><br>En el marco del D\u00eda del Periodista, la reportera <a href=\"https:\/\/twitter.com\/RebecaLunaJimne?ref_src=twsrc%5Etfw\">@RebecaLunaJimne<\/a> denunci\u00f3 que a m\u00e1s de un mes de la agresi\u00f3n que sufri\u00f3 por parte de pobladores de Santa Mar\u00eda Teopoxco, la <a href=\"https:\/\/twitter.com\/FISCALIA_GobOax?ref_src=twsrc%5Etfw\">@FISCALIA_GobOax<\/a> indaga con lentitud y a\u00fan no ha judicializado el caso. <a href=\"https:\/\/t.co\/7JRtxMOlMv\">pic.twitter.com\/7JRtxMOlMv<\/a><\/p>&mdash; Zona Roja Oaxaca (@MexRoja) <a href=\"https:\/\/twitter.com\/MexRoja\/status\/1213511893941272576?ref_src=twsrc%5Etfw\">4 de enero de 2020<\/a><\/blockquote><\/div>\n<\/div><\/figure>\n\n\n\n<p>&nbsp;\u201cLo que m\u00e1s duele es el silencio c\u00f3mplice de las autoridades. No hay justicia en este estado\u201d asegur\u00f3 la periodista que reitero debido al ataque, tiene secuelas f\u00edsicas que no han sido atendidas como se debe ni m\u00e9dicamente, ni por las autoridades encargadas de la procuraci\u00f3n de justicia por nadie; incluso ya solicit\u00f3 medidas cautelares.&nbsp;&nbsp;&nbsp;&nbsp;&nbsp;<\/p>\n\n\n\n<p>Rebeca Luna detall\u00f3 que es lamentable que en Oaxaca puedan atacar o matar incluso a un representante de los medios de comunicaci\u00f3n, sin que se haga nada al respecto, en una actitud c\u00f3mplice que ha caracterizado a la Fiscal\u00eda, que encabeza Rub\u00e9n Vasconcelos M\u00e9ndez, que la ha llevado a vivir en diversos lugares en el \u00faltimo mes, por miedo a que pueda ser v\u00edctima de otro tipo de agresi\u00f3n.&nbsp;<\/p>\n\n\n\n<p>Mientras tanto, a trav\u00e9s de sus redes sociales, el gobernador de Oaxaca, Alejandro Murat Hinojosa, felicit\u00f3 a mujeres y hombres que se dedican a la labor period\u00edstica, en el marco del D\u00eda del Periodista que se celebra en M\u00e9xico.<\/p>\n\n\n\n<p>\u201cGracias a su trabajo, y haciendo equipo con ellos, informamos de forma oportuna, veraz y transparente a las familias de Oaxaca. \u00a1Felicidades!\u201d, cit\u00f3 el mandatario en su cuenta de twitter.<br class=\"Apple-interchange-newline\"><\/p>\n","protected":false},"excerpt":{"rendered":"<p>Redacci\u00f3n\/Zona Roja.&nbsp; Oaxaca de Ju\u00e1rez, Oax., 4 de enero de 2019.- En la conmemoraci\u00f3n del&hellip;<\/p>\n","protected":false},"author":2,"featured_media":7291,"comment_status":"closed","ping_status":"open","sticky":false,"template":"","format":"standard","meta":{"_lmt_disableupdate":"","_lmt_disable":"","_jetpack_memberships_contains_paid_content":false,"footnotes":""},"categories":[1],"tags":[1231],"class_list":["post-7292","post","type-post","status-publish","format-standard","has-post-thumbnail","hentry","category-sin-categoria","tag-rebeca-luna-jimenez"],"jetpack_featured_media_url":"https:\/\/zonaroja.com.mx\/wp-content\/uploads\/2020\/01\/6a43e2b8-1f62-459f-a3dc-85c94bb4bfaf.jpg","jetpack_sharing_enabled":true,"_links":{"self":[{"href":"https:\/\/zonaroja.com.mx\/index.php?rest_route=\/wp\/v2\/posts\/7292","targetHints":{"allow":["GET"]}}],"collection":[{"href":"https:\/\/zonaroja.com.mx\/index.php?rest_route=\/wp\/v2\/posts"}],"about":[{"href":"https:\/\/zonaroja.com.mx\/index.php?rest_route=\/wp\/v2\/types\/post"}],"author":[{"embeddable":true,"href":"https:\/\/zonaroja.com.mx\/index.php?rest_route=\/wp\/v2\/users\/2"}],"replies":[{"embeddable":true,"href":"https:\/\/zonaroja.com.mx\/index.php?rest_route=%2Fwp%2Fv2%2Fcomments&post=7292"}],"version-history":[{"count":2,"href":"https:\/\/zonaroja.com.mx\/index.php?rest_route=\/wp\/v2\/posts\/7292\/revisions"}],"predecessor-version":[{"id":7296,"href":"https:\/\/zonaroja.com.mx\/index.php?rest_route=\/wp\/v2\/posts\/7292\/revisions\/7296"}],"wp:featuredmedia":[{"embeddable":true,"href":"https:\/\/zonaroja.com.mx\/index.php?rest_route=\/wp\/v2\/media\/7291"}],"wp:attachment":[{"href":"https:\/\/zonaroja.com.mx\/index.php?rest_route=%2Fwp%2Fv2%2Fmedia&parent=7292"}],"wp:term":[{"taxonomy":"category","embeddable":true,"href":"https:\/\/zonaroja.com.mx\/index.php?rest_route=%2Fwp%2Fv2%2Fcategories&post=7292"},{"taxonomy":"post_tag","embeddable":true,"href":"https:\/\/zonaroja.com.mx\/index.php?rest_route=%2Fwp%2Fv2%2Ftags&post=7292"}],"curies":[{"name":"wp","href":"https:\/\/api.w.org\/{rel}","templated":true}]}}