{"id":72924,"date":"2024-09-29T08:42:00","date_gmt":"2024-09-29T14:42:00","guid":{"rendered":"https:\/\/zonaroja.com.mx\/?p=72924"},"modified":"2024-09-29T06:53:52","modified_gmt":"2024-09-29T12:53:52","slug":"registro-el-sabado-dos-personas-asesinadas-en-costa-e-istmo","status":"publish","type":"post","link":"https:\/\/zonaroja.com.mx\/?p=72924","title":{"rendered":"Registr\u00f3 el s\u00e1bado dos personas asesinadas, en Costa e Istmo"},"content":{"rendered":"\n<p>Raymundo Morales\/Zona Roja.<\/p>\n\n\n\n<p>Oaxaca de Ju\u00e1rez, Oax., a 29 de septiembre de 2024.- Una cuerpo sin vida de una persona del sexo masculino, con huellas de tortura y disparos de arma de fuego, fue localizada este s\u00e1bado en Puerto Escondido.<\/p>\n\n\n\n<p>La v\u00edctima se encontraba debajo de un puente de la zona del Sector Reforma C y hasta el momento no ha sido identificada.<\/p>\n\n\n\n<p>Cabe mencionar que a media semana pasada, se dio conocer un multihomicidio ocurrido en ese destino tur\u00edstico, ubicado en la Costa de Oaxaca, pero los cuerpos no hab\u00edan sido localizados; se desconoce si el hombre hallado ayer forma parte de esas v\u00edctimas.<\/p>\n\n\n\n<p>Por otra parte, en San Pedro Comitancillo, municipio de la regi\u00f3n del Istmo de Tehuantepec, fue localizado un cuerpo sin vida, con signos de tortura y disparos de arma de fuego.<\/p>\n\n\n\n<p>Tambi\u00e9n fue envuelto en una cobija y luego en una lona, para despu\u00e9s tirarlo en inmediaciones de la rancher\u00eda Guichive.<\/p>\n\n\n\n<p>Hasta el momento la v\u00edctima no ha sido identificada y personal de la Vicefiscal\u00eda Regional del Istmo inicio las indagatorias correspondientes.<\/p>\n","protected":false},"excerpt":{"rendered":"<p>Raymundo Morales\/Zona Roja. Oaxaca de Ju\u00e1rez, Oax., a 29 de septiembre de 2024.- Una cuerpo&hellip;<\/p>\n","protected":false},"author":2,"featured_media":72927,"comment_status":"closed","ping_status":"open","sticky":false,"template":"","format":"standard","meta":{"_lmt_disableupdate":"","_lmt_disable":"","_jetpack_memberships_contains_paid_content":false,"footnotes":""},"categories":[109,51],"tags":[590],"class_list":["post-72924","post","type-post","status-publish","format-standard","has-post-thumbnail","hentry","category-minuto-a-minuto","category-zona-roja","tag-puerto-escondido"],"jetpack_featured_media_url":"https:\/\/zonaroja.com.mx\/wp-content\/uploads\/2024\/09\/Ejecutado-en-Puerto-Escondido-tirado-rio.jpeg","jetpack_sharing_enabled":true,"_links":{"self":[{"href":"https:\/\/zonaroja.com.mx\/index.php?rest_route=\/wp\/v2\/posts\/72924","targetHints":{"allow":["GET"]}}],"collection":[{"href":"https:\/\/zonaroja.com.mx\/index.php?rest_route=\/wp\/v2\/posts"}],"about":[{"href":"https:\/\/zonaroja.com.mx\/index.php?rest_route=\/wp\/v2\/types\/post"}],"author":[{"embeddable":true,"href":"https:\/\/zonaroja.com.mx\/index.php?rest_route=\/wp\/v2\/users\/2"}],"replies":[{"embeddable":true,"href":"https:\/\/zonaroja.com.mx\/index.php?rest_route=%2Fwp%2Fv2%2Fcomments&post=72924"}],"version-history":[{"count":1,"href":"https:\/\/zonaroja.com.mx\/index.php?rest_route=\/wp\/v2\/posts\/72924\/revisions"}],"predecessor-version":[{"id":72928,"href":"https:\/\/zonaroja.com.mx\/index.php?rest_route=\/wp\/v2\/posts\/72924\/revisions\/72928"}],"wp:featuredmedia":[{"embeddable":true,"href":"https:\/\/zonaroja.com.mx\/index.php?rest_route=\/wp\/v2\/media\/72927"}],"wp:attachment":[{"href":"https:\/\/zonaroja.com.mx\/index.php?rest_route=%2Fwp%2Fv2%2Fmedia&parent=72924"}],"wp:term":[{"taxonomy":"category","embeddable":true,"href":"https:\/\/zonaroja.com.mx\/index.php?rest_route=%2Fwp%2Fv2%2Fcategories&post=72924"},{"taxonomy":"post_tag","embeddable":true,"href":"https:\/\/zonaroja.com.mx\/index.php?rest_route=%2Fwp%2Fv2%2Ftags&post=72924"}],"curies":[{"name":"wp","href":"https:\/\/api.w.org\/{rel}","templated":true}]}}