{"id":72929,"date":"2024-09-29T11:58:00","date_gmt":"2024-09-29T17:58:00","guid":{"rendered":"https:\/\/zonaroja.com.mx\/?p=72929"},"modified":"2024-09-29T07:01:34","modified_gmt":"2024-09-29T13:01:34","slug":"crean-ley-de-fomento-a-la-apicultura-y-proteccion-de-los-agentes-polinizadores","status":"publish","type":"post","link":"https:\/\/zonaroja.com.mx\/?p=72929","title":{"rendered":"Crean Ley de Fomento a la Apicultura y Protecci\u00f3n de los Agentes Polinizadores"},"content":{"rendered":"\n<p>Redacci\u00f3n\/Zona Roja.<\/p>\n\n\n\n<p>Oaxaca de Ju\u00e1rez, Oax., a 29 de septiembre de 2024.- Con 36 votos a favor, el pleno de la 65 Legislatura local aprob\u00f3 la creaci\u00f3n de la Ley de Fomento a la Apicultura y Protecci\u00f3n de los Agentes Polinizadores del Estado de Oaxaca, la cual responde a una iniciativa ciudadana.<\/p>\n\n\n\n<p>Dicha ley, conformada por 122 art\u00edculos y 18 cap\u00edtulos, tiene como objetivo impulsar, promover e incentivar acciones y programas orientados al emprendimiento, la capacitaci\u00f3n y el desarrollo de la apicultura; la preservaci\u00f3n y protecci\u00f3n de los agentes polinizadores; la sanidad ap\u00edcola; la investigaci\u00f3n y la divulgaci\u00f3n educativa de la apicultura y los agentes polinizadores.<\/p>\n\n\n\n<p>As\u00ed como la organizaci\u00f3n de los productores para la cr\u00eda y mejoramiento gen\u00e9tico de abejas reinas; y para la producci\u00f3n, aprovechamiento, industrializaci\u00f3n y comercializaci\u00f3n de los productos y subproductos de la actividad ap\u00edcola.<\/p>\n\n\n\n<p>Dentro de esta norma, tambi\u00e9n se reconoce a los agentes polinizadores como sujetos de derecho, por lo que es obligaci\u00f3n del Estado respetar y garantizar su existencia, sanidad, mantenimiento y regeneraci\u00f3n de sus ciclos vitales, mediante disposiciones y medidas que hagan frente a las actividades e impulsores directos e indirectos de la disminuci\u00f3n de los agentes polinizadores.<\/p>\n\n\n\n<p>Al respecto, el diputado V\u00edctor Ra\u00fal Hern\u00e1ndez L\u00f3pez inform\u00f3 que, para la creaci\u00f3n de esta ley ap\u00edcola, se realizaron cinco foros regionales y uno estatal, con la participaci\u00f3n de acad\u00e9micos, ambientalistas, servidores p\u00fablicos y apicultores, para establecer un marco jur\u00eddico apropiado para el impulso econ\u00f3mico de quienes laboran en este sector, priorizando el cuidado de los polinizadores.<\/p>\n\n\n\n<p>\u00abTendremos una ley progresiva, vanguardista y de justicia social, porque adem\u00e1s fomenta una actividad que es practicada mayoritariamente por campesinos e ind\u00edgenas de Oaxaca, motivo por el cual vendr\u00e1 a contribuir en el combate a la pobreza rural; y en el desarrollo rural sustentable\u00bb, manifest\u00f3 el legislador.<\/p>\n\n\n\n<p>Por su parte, la legisladora Melina Hern\u00e1ndez Sosa, presidenta de la Comisi\u00f3n Permanente de Medio Ambiente, Biodiversidad, Energ\u00edas, Sostenibilidad y Cambio Clim\u00e1tico, asegur\u00f3 que esta ley representa un logro para la 65 Legislatura local ya que con ella se prioriza la seguridad y bienestar de los agentes polinizadores. Tambi\u00e9n resalt\u00f3 el compromiso del Congreso local por velar por el bienestar animal.<\/p>\n\n\n\n<p>En representaci\u00f3n de los apicultores, Alfredo P\u00e9rez Rodr\u00edguez, presidente de la Sociedad Cooperativa \u00abLa Cuenca Produce\u00bb, destac\u00f3 que uno de los aspectos importantes dentro de la nueva norma jur\u00eddica es el fomento a la apicultura y el poder tener recursos econ\u00f3micos, materiales y pol\u00edticos para desempe\u00f1ar esta actividad.<\/p>\n\n\n\n<p>\u00abCon la ley, se regulan las pr\u00e1cticas agropecuarias para convertirlas en pr\u00e1cticas agroecol\u00f3gicas y tambi\u00e9n se ense\u00f1a a las nuevas generaciones que es necesario cuidar este medio ambiente\u00bb, expuso.<\/p>\n\n\n\n<p>Esta nueva ley aprobada por el Pleno entrar\u00e1 en vigor al d\u00eda siguiente de su publicaci\u00f3n en el Peri\u00f3dico Oficial del Estado de Oaxaca.<\/p>\n","protected":false},"excerpt":{"rendered":"<p>Redacci\u00f3n\/Zona Roja. Oaxaca de Ju\u00e1rez, Oax., a 29 de septiembre de 2024.- Con 36 votos&hellip;<\/p>\n","protected":false},"author":2,"featured_media":72930,"comment_status":"closed","ping_status":"open","sticky":false,"template":"","format":"standard","meta":{"_lmt_disableupdate":"","_lmt_disable":"","_jetpack_memberships_contains_paid_content":false,"footnotes":""},"categories":[109,46],"tags":[2743],"class_list":["post-72929","post","type-post","status-publish","format-standard","has-post-thumbnail","hentry","category-minuto-a-minuto","category-zona-blanca","tag-65-legislatura-del-estado-de-oaxaca"],"jetpack_featured_media_url":"https:\/\/zonaroja.com.mx\/wp-content\/uploads\/2024\/09\/Apicultura-abejas.jpg.webp","jetpack_sharing_enabled":true,"_links":{"self":[{"href":"https:\/\/zonaroja.com.mx\/index.php?rest_route=\/wp\/v2\/posts\/72929","targetHints":{"allow":["GET"]}}],"collection":[{"href":"https:\/\/zonaroja.com.mx\/index.php?rest_route=\/wp\/v2\/posts"}],"about":[{"href":"https:\/\/zonaroja.com.mx\/index.php?rest_route=\/wp\/v2\/types\/post"}],"author":[{"embeddable":true,"href":"https:\/\/zonaroja.com.mx\/index.php?rest_route=\/wp\/v2\/users\/2"}],"replies":[{"embeddable":true,"href":"https:\/\/zonaroja.com.mx\/index.php?rest_route=%2Fwp%2Fv2%2Fcomments&post=72929"}],"version-history":[{"count":1,"href":"https:\/\/zonaroja.com.mx\/index.php?rest_route=\/wp\/v2\/posts\/72929\/revisions"}],"predecessor-version":[{"id":72931,"href":"https:\/\/zonaroja.com.mx\/index.php?rest_route=\/wp\/v2\/posts\/72929\/revisions\/72931"}],"wp:featuredmedia":[{"embeddable":true,"href":"https:\/\/zonaroja.com.mx\/index.php?rest_route=\/wp\/v2\/media\/72930"}],"wp:attachment":[{"href":"https:\/\/zonaroja.com.mx\/index.php?rest_route=%2Fwp%2Fv2%2Fmedia&parent=72929"}],"wp:term":[{"taxonomy":"category","embeddable":true,"href":"https:\/\/zonaroja.com.mx\/index.php?rest_route=%2Fwp%2Fv2%2Fcategories&post=72929"},{"taxonomy":"post_tag","embeddable":true,"href":"https:\/\/zonaroja.com.mx\/index.php?rest_route=%2Fwp%2Fv2%2Ftags&post=72929"}],"curies":[{"name":"wp","href":"https:\/\/api.w.org\/{rel}","templated":true}]}}