{"id":72932,"date":"2024-09-29T10:01:00","date_gmt":"2024-09-29T16:01:00","guid":{"rendered":"https:\/\/zonaroja.com.mx\/?p=72932"},"modified":"2024-09-29T07:06:25","modified_gmt":"2024-09-29T13:06:25","slug":"denuncian-nueva-contaminacion-en-presa-de-jales-de-minera-cuzcatlan","status":"publish","type":"post","link":"https:\/\/zonaroja.com.mx\/?p=72932","title":{"rendered":"Denuncian nueva contaminaci\u00f3n en presa de jales de minera Cuzcatl\u00e1n"},"content":{"rendered":"\n<p>Redacci\u00f3n\/Zona Roja.<\/p>\n\n\n\n<p>Oaxaca de Ju\u00e1rez, Oax., a 29 de septiembre de 2024.- Autoridades municipales y agrarias e integrantes del Frente No a la Miner\u00eda por un Futuro de Todas y Todos, exigieron a la Profepa una investigaci\u00f3n expedita y exhaustiva en el r\u00edo \u201cEl Coyote\u201d y sanciones para la empresa minera Cuzcatl\u00e1n, responsable (por segunda ocasi\u00f3n) del derrame de la presa de jales secos.<\/p>\n\n\n\n<p>El d\u00eda 24 de septiembre de 2024, circul\u00f3 una denuncia ciudadana sobre un presunto desbordamiento de la presa de jales secos de la compa\u00f1\u00eda minera Cuzcatl\u00e1n en la regi\u00f3n de Valles Centrales de Oaxaca.&nbsp;<\/p>\n\n\n\n<p>\u201cAnte esta situaci\u00f3n, las autoridades municipales de Magdalena Ocotl\u00e1n, San Mat\u00edas Chilazoa y el Vergel y los Ocotes, realizamos recorridos en el \u00e1rea perimetral del proyecto minero los d\u00edas 24 y 25 de septiembre, constatando que el r\u00edo \u2018El Coyote\u2019 presenta sedimentos en su cauce nuevamente.&nbsp;<\/p>\n\n\n\n<p>\u201cDichos sedimentos son de color blanquecino con presencia de espuma anormal, lo cual ha cambiado la composici\u00f3n del agua de dicho arroyo\u201d se\u00f1alaron.<\/p>\n\n\n\n<p>Adem\u00e1s detallaron que la presencia de estos sedimentos recorre gran parte del arroyo y llegan hasta la altura del pozo de agua potable que abastece a la comunidad de Magdalena Ocotl\u00e1n y San Mat\u00edas Chilazoa para el uso potable, raz\u00f3n por la cual hemos presentado las denuncias correspondientes ante la Profepa, Semarnat y Conagua.<\/p>\n\n\n\n<p>Cabe destacar que en 2018 el dep\u00f3sito de jales secos se derram\u00f3 contaminando por primera ocasi\u00f3n el cauce del arroyo \u201cEl Coyote\u201d, en este primer derrame no hubo ning\u00fan proceso de remediaci\u00f3n o reparaci\u00f3n del da\u00f1o hacia las comunidades afectadas, la \u00fanica acci\u00f3n establecida por Profepa fue una multa irrisoria por 840 mil pesos a la empresa minera.<\/p>\n\n\n\n<p>Las autoridades se\u00f1alaron que desde entonces han alertado a la Semarnat por la contaminaci\u00f3n producida por la empresa minera desde 2018 son pruebas y argumentos t\u00e9cnicos.&nbsp;<\/p>\n\n\n\n<p>Sin embargo, la Semarnat otorg\u00f3 la Manifestaci\u00f3n de Impacto Ambiental \u201cActualizaci\u00f3n de Obras y Actividades\u201d a la empresa minera en un proceso completamente irregular, sin escuchar la voz de las comunidades afectadas por el proyecto minero.<\/p>\n\n\n\n<p>Cabe destacar que las comunidades aleda\u00f1as a la minera Cuzcatl\u00e1n, presentaron en 2023 un amparo regional contra las concesiones mineras otorgadas por el gobierno federal, por su parte el Juzgado Primero de Distrito del estado de Oaxaca orden\u00f3 la suspensi\u00f3n de plano de cualquier actividad que ponga en riesgo el territorio de las comunidades afectadas.&nbsp;<\/p>\n\n\n\n<p>Por lo que exigen: Integrar en el expediente la presente denuncia y respetar la determinaci\u00f3n de las comunidades afectadas.<\/p>\n\n\n\n<p>Cancelaci\u00f3n de las concesiones mineras en Valles Centrales de Oaxaca y sancionar a la empresa minera por desacatar el mandato judicial.<\/p>\n\n\n\n<p>(Informaci\u00f3n de Educa A. C.)<\/p>\n","protected":false},"excerpt":{"rendered":"<p>Redacci\u00f3n\/Zona Roja. Oaxaca de Ju\u00e1rez, Oax., a 29 de septiembre de 2024.- Autoridades municipales y&hellip;<\/p>\n","protected":false},"author":2,"featured_media":72933,"comment_status":"closed","ping_status":"open","sticky":false,"template":"","format":"standard","meta":{"_lmt_disableupdate":"","_lmt_disable":"","_jetpack_memberships_contains_paid_content":false,"footnotes":""},"categories":[109,47],"tags":[2326],"class_list":["post-72932","post","type-post","status-publish","format-standard","has-post-thumbnail","hentry","category-minuto-a-minuto","category-zona-gris","tag-compania-minera-cuzcatlan"],"jetpack_featured_media_url":"https:\/\/zonaroja.com.mx\/wp-content\/uploads\/2024\/09\/Minera-Cuzcatlan-presa-de-jales.jpg","jetpack_sharing_enabled":true,"_links":{"self":[{"href":"https:\/\/zonaroja.com.mx\/index.php?rest_route=\/wp\/v2\/posts\/72932","targetHints":{"allow":["GET"]}}],"collection":[{"href":"https:\/\/zonaroja.com.mx\/index.php?rest_route=\/wp\/v2\/posts"}],"about":[{"href":"https:\/\/zonaroja.com.mx\/index.php?rest_route=\/wp\/v2\/types\/post"}],"author":[{"embeddable":true,"href":"https:\/\/zonaroja.com.mx\/index.php?rest_route=\/wp\/v2\/users\/2"}],"replies":[{"embeddable":true,"href":"https:\/\/zonaroja.com.mx\/index.php?rest_route=%2Fwp%2Fv2%2Fcomments&post=72932"}],"version-history":[{"count":1,"href":"https:\/\/zonaroja.com.mx\/index.php?rest_route=\/wp\/v2\/posts\/72932\/revisions"}],"predecessor-version":[{"id":72934,"href":"https:\/\/zonaroja.com.mx\/index.php?rest_route=\/wp\/v2\/posts\/72932\/revisions\/72934"}],"wp:featuredmedia":[{"embeddable":true,"href":"https:\/\/zonaroja.com.mx\/index.php?rest_route=\/wp\/v2\/media\/72933"}],"wp:attachment":[{"href":"https:\/\/zonaroja.com.mx\/index.php?rest_route=%2Fwp%2Fv2%2Fmedia&parent=72932"}],"wp:term":[{"taxonomy":"category","embeddable":true,"href":"https:\/\/zonaroja.com.mx\/index.php?rest_route=%2Fwp%2Fv2%2Fcategories&post=72932"},{"taxonomy":"post_tag","embeddable":true,"href":"https:\/\/zonaroja.com.mx\/index.php?rest_route=%2Fwp%2Fv2%2Ftags&post=72932"}],"curies":[{"name":"wp","href":"https:\/\/api.w.org\/{rel}","templated":true}]}}