{"id":72935,"date":"2024-09-29T12:07:00","date_gmt":"2024-09-29T18:07:00","guid":{"rendered":"https:\/\/zonaroja.com.mx\/?p=72935"},"modified":"2024-09-29T07:17:22","modified_gmt":"2024-09-29T13:17:22","slug":"crecimiento-economico-con-amlo-es-el-mas-bajo-en-36-anos","status":"publish","type":"post","link":"https:\/\/zonaroja.com.mx\/?p=72935","title":{"rendered":"Crecimiento econ\u00f3mico con AMLO es el m\u00e1s bajo en 36 a\u00f1os"},"content":{"rendered":"\n<p>Redacci\u00f3n\/Zona Roja Cdmx.<\/p>\n\n\n\n<p>Ciudad de M\u00e9xico, a 29 de septiembre de 2024.- La econom\u00eda mexicana presenta con el gobierno del presidente Andr\u00e9s Manuel L\u00f3pez Obrador (AMLO) uno de los crecimientos m\u00e1s bajos en la historia reciente del pa\u00eds y en el corto plazo las condiciones lucen complicadas para un mayor ritmo.<\/p>\n\n\n\n<p>El crecimiento promedio del PIB apunta a 0.9 por ciento con AMLO, el m\u00e1s bajo desde el gobierno de Miguel de la Madrid, cuando se present\u00f3 un&nbsp; nulo crecimiento entre 1983 a 1988, seg\u00fan cifras del INEGI.<\/p>\n\n\n\n<p>Adem\u00e1s fue inferior al 1.9 por ciento que creci\u00f3 en promedio en el mandato de Enrique Pe\u00f1a Nieto; del 1.5 por ciento con Felipe Calder\u00f3n, y de 1.8 por ciento con Vicente Fox.<\/p>\n\n\n\n<p>El crecimiento tambi\u00e9n result\u00f3 inferior al 2.6 por ciento promedio, estimado en los Criterios Generales de Pol\u00edtica Econ\u00f3mica del 2019 y qued\u00f3 muy por debajo del 4.0 por ciento que prometi\u00f3 AMLO.<\/p>\n\n\n\n<p>A inicios de su gobierno, el presidente indic\u00f3 que al eliminar la corrupci\u00f3n, promover el desarrollo y asegurar la inversi\u00f3n p\u00fablica y privada, tanto nacional como extranjera, ser\u00eda posible alcanzar un crecimiento de cuatro por ciento a lo largo del sexenio, lo doble de lo registrado en m\u00e1s de tres d\u00e9cadas de periodo neoliberal.<\/p>\n\n\n\n<p>OBST\u00c1CULOS<\/p>\n\n\n\n<p>En el actual sexenio la econom\u00eda sorte\u00f3 diferentes escenarios. En 2019, el primero del sexenio, el PIB se contrajo 0.4 por ciento, resultado de \u201cla curva de aprendizaje\u201d por la llegada de un nuevo gobierno<\/p>\n\n\n\n<p>En 2020, la econom\u00eda se desplom\u00f3 8.4 por ciento por la pandemia y en 2021 rebot\u00f3 6.0 por ciento; en 2022 el PIB creci\u00f3 3.7 por ciento y en 2023 sorprendi\u00f3 la resiliencia para anotar un avance de 3.2 por ciento.<\/p>\n\n\n\n<p>No solo la pandemia provoc\u00f3 un menor dinamismo de la econom\u00eda, ya que desde el inicio del gobierno se vio un escenario de confrontaci\u00f3n con el sector privado con la cancelaci\u00f3n del nuevo aeropuerto en Texcoco o la planta de Constellation Brands en Mexicali, Baja California.<\/p>\n\n\n\n<p>\u201cConsiderando el efecto de la pandemia ha sido un crecimiento relativamente modesto, en el PIB per c\u00e1pita el rezago es mayor. Si bien la econom\u00eda est\u00e1 por encima de los niveles prepandemia tampoco es una expansi\u00f3n considerable\u201d, dijo Alejandro Salda\u00f1a, economista en jefe de Ve por M\u00e1s.<\/p>\n\n\n\n<p>El vicepresidente de Fomento Industrial del sector metal mec\u00e1nico de la Canacintra, Juan Manuel Chaparro, consider\u00f3 que el gobierno de AMLO \u201cest\u00e1 dejando al nuevo gobierno una problem\u00e1tica \u2018critica\u2019 que hace dudar, tanto a los inversionistas nuevos, as\u00ed como a los ya captados, de en d\u00f3nde colocar sus recursos; eventos que hacen que nuestra econom\u00eda muestre bajo dinamismo a la fecha, en lugar de una tendencia acelerada al crecimiento\u201d.<\/p>\n\n\n\n<p>El CEO de Galilei Consulting, Rodolfo Sosa Garc\u00eda, record\u00f3 que adem\u00e1s de ese entorno, \u201cdurante la pandemia muchos pa\u00edses implementaron est\u00edmulos fiscales, pero en M\u00e9xico no vimos pol\u00edticas de promoci\u00f3n de empleo para el sector privado\u201d.<\/p>\n\n\n\n<p>Desde el inicio del gobierno de Salinas de Gortari, en 1989, hasta 2018, el PIB promedi\u00f3 un avance de 2.6 por ciento, y los pron\u00f3sticos hacia los pr\u00f3ximos a\u00f1os son de un menor dinamismo. La \u00faltima encuesta de Banxico revela que el consenso de analistas prev\u00e9 un crecimiento promedio de 2.0 por ciento para los siguientes 10 a\u00f1os.<\/p>\n\n\n\n<p>(Informaci\u00f3n de \u201cEl Financiero\u201d)<\/p>\n","protected":false},"excerpt":{"rendered":"<p>Redacci\u00f3n\/Zona Roja Cdmx. Ciudad de M\u00e9xico, a 29 de septiembre de 2024.- La econom\u00eda mexicana&hellip;<\/p>\n","protected":false},"author":2,"featured_media":70550,"comment_status":"closed","ping_status":"open","sticky":false,"template":"","format":"standard","meta":{"_lmt_disableupdate":"","_lmt_disable":"","_jetpack_memberships_contains_paid_content":false,"footnotes":""},"categories":[109,47],"tags":[143],"class_list":["post-72935","post","type-post","status-publish","format-standard","has-post-thumbnail","hentry","category-minuto-a-minuto","category-zona-gris","tag-andres-manuel-lopez-obrador"],"jetpack_featured_media_url":"https:\/\/zonaroja.com.mx\/wp-content\/uploads\/2024\/07\/Andres-Manuel-Lopez-Obrador.jpeg","jetpack_sharing_enabled":true,"_links":{"self":[{"href":"https:\/\/zonaroja.com.mx\/index.php?rest_route=\/wp\/v2\/posts\/72935","targetHints":{"allow":["GET"]}}],"collection":[{"href":"https:\/\/zonaroja.com.mx\/index.php?rest_route=\/wp\/v2\/posts"}],"about":[{"href":"https:\/\/zonaroja.com.mx\/index.php?rest_route=\/wp\/v2\/types\/post"}],"author":[{"embeddable":true,"href":"https:\/\/zonaroja.com.mx\/index.php?rest_route=\/wp\/v2\/users\/2"}],"replies":[{"embeddable":true,"href":"https:\/\/zonaroja.com.mx\/index.php?rest_route=%2Fwp%2Fv2%2Fcomments&post=72935"}],"version-history":[{"count":1,"href":"https:\/\/zonaroja.com.mx\/index.php?rest_route=\/wp\/v2\/posts\/72935\/revisions"}],"predecessor-version":[{"id":72936,"href":"https:\/\/zonaroja.com.mx\/index.php?rest_route=\/wp\/v2\/posts\/72935\/revisions\/72936"}],"wp:featuredmedia":[{"embeddable":true,"href":"https:\/\/zonaroja.com.mx\/index.php?rest_route=\/wp\/v2\/media\/70550"}],"wp:attachment":[{"href":"https:\/\/zonaroja.com.mx\/index.php?rest_route=%2Fwp%2Fv2%2Fmedia&parent=72935"}],"wp:term":[{"taxonomy":"category","embeddable":true,"href":"https:\/\/zonaroja.com.mx\/index.php?rest_route=%2Fwp%2Fv2%2Fcategories&post=72935"},{"taxonomy":"post_tag","embeddable":true,"href":"https:\/\/zonaroja.com.mx\/index.php?rest_route=%2Fwp%2Fv2%2Ftags&post=72935"}],"curies":[{"name":"wp","href":"https:\/\/api.w.org\/{rel}","templated":true}]}}