{"id":72941,"date":"2024-09-29T15:13:00","date_gmt":"2024-09-29T21:13:00","guid":{"rendered":"https:\/\/zonaroja.com.mx\/?p=72941"},"modified":"2024-09-29T07:16:42","modified_gmt":"2024-09-29T13:16:42","slug":"bordan-mujeres-de-sedena-la-banda-presidencial-para-claudia","status":"publish","type":"post","link":"https:\/\/zonaroja.com.mx\/?p=72941","title":{"rendered":"Bordan mujeres de Sedena la banda presidencial para Claudia"},"content":{"rendered":"\n<p>Redacci\u00f3n\/SemM\u00e9xico.<\/p>\n\n\n\n<p>Ciudad de M\u00e9xico, a 29 de septiembre de 2024.- Con paciencia y dedicaci\u00f3n, la soldada Primera Auxiliar, Evangelina Renter\u00eda de la Cruz, borda el Escudo Nacional de la Banda Presidencial con la que se har\u00e1 historia cuando se ci\u00f1a, por primera ocasi\u00f3n, en la primera mujer presidenta del pa\u00eds: Claudia Sheinbaum Pardo.<\/p>\n\n\n\n<p>Vecina de la alcald\u00eda Iztapalapa, hace 17 a\u00f1os Renter\u00eda de la Cruz se acerc\u00f3 a la F\u00e1brica de Vestuario y Equipo, de la Secretar\u00eda de la Defensa Nacional, en donde se ha desarrollado en el Taller de Costura.&nbsp;<\/p>\n\n\n\n<p>Por su habilidad fue seleccionada para elaborar las Bandas Presidenciales que utiliz\u00f3 en sus seis a\u00f1os el actual mandatario, Andr\u00e9s Manuel L\u00f3pez Obrador, y repite la misi\u00f3n para el sexenio que inicia el pr\u00f3ximo 1 de octubre.<\/p>\n\n\n\n<p>En una mesa se cortan los lienzos, de telas que tambi\u00e9n se utilizan en la confecci\u00f3n de banderas; luego de cosen a lo largo de la talla solicitada, se plancha y se comienza a bordar el Escudo, el s\u00edmbolo m\u00e1s vistoso de la pieza.&nbsp;<\/p>\n\n\n\n<p>El proceso de elaboraci\u00f3n de la Banda lleva hasta seis d\u00edas, cinco d\u00edas, se pasa de la toma de medidas; luego sigue el trazo del corte, de los lienzos blanco, rojo y verde; luego pasa al bordado y al cerrado\u201d.<\/p>\n\n\n\n<p>En el Taller de Costura de la FAVE laboran 120 personas, bajo la supervisi\u00f3n de dos oficiales.<\/p>\n","protected":false},"excerpt":{"rendered":"<p>Redacci\u00f3n\/SemM\u00e9xico. Ciudad de M\u00e9xico, a 29 de septiembre de 2024.- Con paciencia y dedicaci\u00f3n, la&hellip;<\/p>\n","protected":false},"author":2,"featured_media":72942,"comment_status":"closed","ping_status":"open","sticky":false,"template":"","format":"standard","meta":{"_lmt_disableupdate":"","_lmt_disable":"","_jetpack_memberships_contains_paid_content":false,"footnotes":""},"categories":[109,46],"tags":[3370],"class_list":["post-72941","post","type-post","status-publish","format-standard","has-post-thumbnail","hentry","category-minuto-a-minuto","category-zona-blanca","tag-claudia-sheinbaum"],"jetpack_featured_media_url":"https:\/\/zonaroja.com.mx\/wp-content\/uploads\/2024\/09\/Banda-presidencial-Claudia-Sheinbaum.jpg","jetpack_sharing_enabled":true,"_links":{"self":[{"href":"https:\/\/zonaroja.com.mx\/index.php?rest_route=\/wp\/v2\/posts\/72941","targetHints":{"allow":["GET"]}}],"collection":[{"href":"https:\/\/zonaroja.com.mx\/index.php?rest_route=\/wp\/v2\/posts"}],"about":[{"href":"https:\/\/zonaroja.com.mx\/index.php?rest_route=\/wp\/v2\/types\/post"}],"author":[{"embeddable":true,"href":"https:\/\/zonaroja.com.mx\/index.php?rest_route=\/wp\/v2\/users\/2"}],"replies":[{"embeddable":true,"href":"https:\/\/zonaroja.com.mx\/index.php?rest_route=%2Fwp%2Fv2%2Fcomments&post=72941"}],"version-history":[{"count":1,"href":"https:\/\/zonaroja.com.mx\/index.php?rest_route=\/wp\/v2\/posts\/72941\/revisions"}],"predecessor-version":[{"id":72943,"href":"https:\/\/zonaroja.com.mx\/index.php?rest_route=\/wp\/v2\/posts\/72941\/revisions\/72943"}],"wp:featuredmedia":[{"embeddable":true,"href":"https:\/\/zonaroja.com.mx\/index.php?rest_route=\/wp\/v2\/media\/72942"}],"wp:attachment":[{"href":"https:\/\/zonaroja.com.mx\/index.php?rest_route=%2Fwp%2Fv2%2Fmedia&parent=72941"}],"wp:term":[{"taxonomy":"category","embeddable":true,"href":"https:\/\/zonaroja.com.mx\/index.php?rest_route=%2Fwp%2Fv2%2Fcategories&post=72941"},{"taxonomy":"post_tag","embeddable":true,"href":"https:\/\/zonaroja.com.mx\/index.php?rest_route=%2Fwp%2Fv2%2Ftags&post=72941"}],"curies":[{"name":"wp","href":"https:\/\/api.w.org\/{rel}","templated":true}]}}