{"id":72946,"date":"2024-09-29T20:54:40","date_gmt":"2024-09-30T02:54:40","guid":{"rendered":"https:\/\/zonaroja.com.mx\/?p=72946"},"modified":"2024-09-29T20:54:41","modified_gmt":"2024-09-30T02:54:41","slug":"cierra-violento-sexenio-5-asesinados-en-sonora-marcha-por-la-paz-en-sinaola","status":"publish","type":"post","link":"https:\/\/zonaroja.com.mx\/?p=72946","title":{"rendered":"Cierra violento sexenio: 5 asesinados en Sonora; marcha por la paz en Sinaola"},"content":{"rendered":"\n<p>Redacci\u00f3n\/Zona Roja Cdmx.<\/p>\n\n\n\n<p>Ciudad de M\u00e9xico, a 29 de septiembre de 2024.- Enfrentamientos entre los brazos armados de \u2018Los Chapitos\u2019 y \u2018Los Mayitos\u2019 en San Luis R\u00edo Colorado, Sonora, dejaron cinco muertos y cinco detenidos.<\/p>\n\n\n\n<p>Autoridades locales confirmaron que el Ej\u00e9rcito Mexicano esper\u00f3 a que las balaceras terminaran para realizar los operativos, donde capturaron a tres presuntos sicarios en dos domicilios.<\/p>\n\n\n\n<p>Los hechos violentos se registraron la noche del s\u00e1bado 28 de septiembre en cuatro puntos distintos de la ciudad, asimismo las cinco personas fallecidas fueron localizadas en dichas \u00e1reas despu\u00e9s de que las detonaciones cesaran, por lo que se presume que los abatidos pertenecen a grupos del crimen organizado.<\/p>\n\n\n\n<p>La Fiscal\u00eda del estado de Sonora inform\u00f3 que \u201cse llev\u00f3 a cabo de forma inmediata un operativo de respuesta por parte de las fuerzas de la Agencia Ministerial de Investigaci\u00f3n Criminal (AMIC), Polic\u00eda Estatal de Seguridad P\u00fablica (PESP), Secretar\u00eda de la Defensa Nacional (SEDENA), Secretar\u00eda de Marina Armada de M\u00e9xico (SEMAR) y Guardia Nacional (GN)\u201d.<\/p>\n\n\n\n<p>Las autoridades lograron detener a tres presuntos generadores de violencia identificados como Iv\u00e1n Alfonso \u201cN\u201d, Carlos Alberto \u201cN\u201d Y F\u00e9lix Ar\u00f3n \u201cN\u201d, junto al aseguramiento de tres veh\u00edculos y cuatro armas de fuego.<\/p>\n\n\n\n<p>EN SINALOA<\/p>\n\n\n\n<p>En el aniversario 493 de la Fundaci\u00f3n de Culiac\u00e1n, miles de ciudadanos realizaron este mediod\u00eda una Marcha por la Paz cuando se cumplen 21 d\u00edas de hechos violentos en la ciudad y municipios circunvecinos, que han dejado un saldo de 119 muertos y 81 privaciones de la libertad, hasta este domingo.<\/p>\n\n\n\n<p>La marcha inici\u00f3 en el Desarrollo Urbano Tres R\u00edos, en donde ocurri\u00f3 un enfrentamiento a balazos entre grupos delincuenciales el s\u00e1bado 21 de septiembre. Continu\u00f3 la marcha hacia la avenida \u00c1lvaro Obreg\u00f3n, y culmin\u00f3 frente al templo cat\u00f3lico de La Lomita.<\/p>\n\n\n\n<p>Al mismo tiempo, varios clubes de motociclistas de todo el estado realizaron una rodada por las principales calles y avenidas del centro hist\u00f3rico.<\/p>\n\n\n\n<p>La marcha se detuvo un momento frente a las instalaciones de la Fiscal\u00eda General del Estado para exigir la liberaci\u00f3n de personas que han sido privadas de la libertad. En las tres semanas de violencia se tiene registrados en los medios de comunicaci\u00f3n 81 personas privadas de la libertad.<\/p>\n\n\n\n<p>(Informaci\u00f3n de \u00abEl Financiero\u00bb)<\/p>\n","protected":false},"excerpt":{"rendered":"<p>Redacci\u00f3n\/Zona Roja Cdmx. Ciudad de M\u00e9xico, a 29 de septiembre de 2024.- Enfrentamientos entre los&hellip;<\/p>\n","protected":false},"author":2,"featured_media":72947,"comment_status":"closed","ping_status":"open","sticky":false,"template":"","format":"standard","meta":{"_lmt_disableupdate":"","_lmt_disable":"","_jetpack_memberships_contains_paid_content":false,"footnotes":""},"categories":[109,51],"tags":[986],"class_list":["post-72946","post","type-post","status-publish","format-standard","has-post-thumbnail","hentry","category-minuto-a-minuto","category-zona-roja","tag-sonora"],"jetpack_featured_media_url":"https:\/\/zonaroja.com.mx\/wp-content\/uploads\/2024\/09\/Marcha-por-la-paz-Culiacan.jpg","jetpack_sharing_enabled":true,"_links":{"self":[{"href":"https:\/\/zonaroja.com.mx\/index.php?rest_route=\/wp\/v2\/posts\/72946","targetHints":{"allow":["GET"]}}],"collection":[{"href":"https:\/\/zonaroja.com.mx\/index.php?rest_route=\/wp\/v2\/posts"}],"about":[{"href":"https:\/\/zonaroja.com.mx\/index.php?rest_route=\/wp\/v2\/types\/post"}],"author":[{"embeddable":true,"href":"https:\/\/zonaroja.com.mx\/index.php?rest_route=\/wp\/v2\/users\/2"}],"replies":[{"embeddable":true,"href":"https:\/\/zonaroja.com.mx\/index.php?rest_route=%2Fwp%2Fv2%2Fcomments&post=72946"}],"version-history":[{"count":1,"href":"https:\/\/zonaroja.com.mx\/index.php?rest_route=\/wp\/v2\/posts\/72946\/revisions"}],"predecessor-version":[{"id":72948,"href":"https:\/\/zonaroja.com.mx\/index.php?rest_route=\/wp\/v2\/posts\/72946\/revisions\/72948"}],"wp:featuredmedia":[{"embeddable":true,"href":"https:\/\/zonaroja.com.mx\/index.php?rest_route=\/wp\/v2\/media\/72947"}],"wp:attachment":[{"href":"https:\/\/zonaroja.com.mx\/index.php?rest_route=%2Fwp%2Fv2%2Fmedia&parent=72946"}],"wp:term":[{"taxonomy":"category","embeddable":true,"href":"https:\/\/zonaroja.com.mx\/index.php?rest_route=%2Fwp%2Fv2%2Fcategories&post=72946"},{"taxonomy":"post_tag","embeddable":true,"href":"https:\/\/zonaroja.com.mx\/index.php?rest_route=%2Fwp%2Fv2%2Ftags&post=72946"}],"curies":[{"name":"wp","href":"https:\/\/api.w.org\/{rel}","templated":true}]}}