{"id":72949,"date":"2024-09-29T21:33:12","date_gmt":"2024-09-30T03:33:12","guid":{"rendered":"https:\/\/zonaroja.com.mx\/?p=72949"},"modified":"2024-09-29T21:33:13","modified_gmt":"2024-09-30T03:33:13","slug":"confirman-detencion-de-comandante-bonga-presunto-lider-criminal-en-el-istmo","status":"publish","type":"post","link":"https:\/\/zonaroja.com.mx\/?p=72949","title":{"rendered":"Confirman detenci\u00f3n de \u201cComandante Bonga\u201d, presunto l\u00edder criminal en el Istmo"},"content":{"rendered":"\n<p>Raymundo Morales\/Zona Roja.<\/p>\n\n\n\n<p>Oaxaca de Ju\u00e1rez, Oax., a 29 de septiembre de 2024.- Jes\u00fas H. L., alias el \u201cComandante Bonga\u201d, fue detenido la madrugada de este s\u00e1bado en el barrio Bixhana de Santo Domingo Tehuantepec, confirmaron fuentes gubernamentales.<\/p>\n\n\n\n<p>Est\u00e1 acusado de delincuencia organizada, secuestro, portaci\u00f3n de armas de fuego de uso exclusivo del ej\u00e9rcito y narcotr\u00e1fico, entre otros delitos.<\/p>\n\n\n\n<p>Personal de la Agencia Estatal de Investigaciones (AEI), dependiente de la Fiscal\u00eda General del Estado de Oaxaca, con el apoyo de la Polic\u00eda Estatal, efectu\u00f3 la captura de quien es considerado l\u00edder del c\u00e1rtel \u201cSan Luis Rey\u201d, principal generador de violencia en el Istmo y a quien se atribuye al menos medio centenar de cr\u00edmenes.<\/p>\n\n\n\n<p>Presuntamente en este c\u00e1rtel est\u00e1n tambi\u00e9n involucrados Rogelio R. C., alias \u201cRoyer\u201d o \u201cEl Melchorcito\u201d, as\u00ed como Raymundo R. C., y Keni G. R. C.; algunos de ellos forman parte del Ej\u00e9rcito Mexicano y est\u00e1n activos.<\/p>\n\n\n\n<p>Las labores de inteligencia de la AEI y de la Fiscal\u00eda dieron como resultado dichas aprehensiones, tras m\u00faltiples ejecuciones registradas en Tehuantepec y municipios circunvecinos y donde dejaban narcomantas.<\/p>\n\n\n\n<p>De acuerdo con autoridades ministeriales, ser\u00e1 puesto a disposici\u00f3n de la Fiscal\u00eda General de la Rep\u00fablica, con la finalidad de que se le inicie el proceso judicial correspondiente.<\/p>\n","protected":false},"excerpt":{"rendered":"<p>Raymundo Morales\/Zona Roja. Oaxaca de Ju\u00e1rez, Oax., a 29 de septiembre de 2024.- Jes\u00fas H.&hellip;<\/p>\n","protected":false},"author":2,"featured_media":72950,"comment_status":"closed","ping_status":"open","sticky":false,"template":"","format":"standard","meta":{"_lmt_disableupdate":"","_lmt_disable":"","_jetpack_memberships_contains_paid_content":false,"footnotes":""},"categories":[109,47],"tags":[494],"class_list":["post-72949","post","type-post","status-publish","format-standard","has-post-thumbnail","hentry","category-minuto-a-minuto","category-zona-gris","tag-fiscalia-general-del-estado-de-oaxaca"],"jetpack_featured_media_url":"https:\/\/zonaroja.com.mx\/wp-content\/uploads\/2024\/09\/Jesus-H.-L.-Comandante-Bonga.jpg","jetpack_sharing_enabled":true,"_links":{"self":[{"href":"https:\/\/zonaroja.com.mx\/index.php?rest_route=\/wp\/v2\/posts\/72949","targetHints":{"allow":["GET"]}}],"collection":[{"href":"https:\/\/zonaroja.com.mx\/index.php?rest_route=\/wp\/v2\/posts"}],"about":[{"href":"https:\/\/zonaroja.com.mx\/index.php?rest_route=\/wp\/v2\/types\/post"}],"author":[{"embeddable":true,"href":"https:\/\/zonaroja.com.mx\/index.php?rest_route=\/wp\/v2\/users\/2"}],"replies":[{"embeddable":true,"href":"https:\/\/zonaroja.com.mx\/index.php?rest_route=%2Fwp%2Fv2%2Fcomments&post=72949"}],"version-history":[{"count":1,"href":"https:\/\/zonaroja.com.mx\/index.php?rest_route=\/wp\/v2\/posts\/72949\/revisions"}],"predecessor-version":[{"id":72951,"href":"https:\/\/zonaroja.com.mx\/index.php?rest_route=\/wp\/v2\/posts\/72949\/revisions\/72951"}],"wp:featuredmedia":[{"embeddable":true,"href":"https:\/\/zonaroja.com.mx\/index.php?rest_route=\/wp\/v2\/media\/72950"}],"wp:attachment":[{"href":"https:\/\/zonaroja.com.mx\/index.php?rest_route=%2Fwp%2Fv2%2Fmedia&parent=72949"}],"wp:term":[{"taxonomy":"category","embeddable":true,"href":"https:\/\/zonaroja.com.mx\/index.php?rest_route=%2Fwp%2Fv2%2Fcategories&post=72949"},{"taxonomy":"post_tag","embeddable":true,"href":"https:\/\/zonaroja.com.mx\/index.php?rest_route=%2Fwp%2Fv2%2Ftags&post=72949"}],"curies":[{"name":"wp","href":"https:\/\/api.w.org\/{rel}","templated":true}]}}