{"id":72952,"date":"2024-09-30T07:24:41","date_gmt":"2024-09-30T13:24:41","guid":{"rendered":"https:\/\/zonaroja.com.mx\/?p=72952"},"modified":"2024-09-30T07:24:43","modified_gmt":"2024-09-30T13:24:43","slug":"dif-nacional-y-gobierno-de-oaxaca-llevan-apoyos-sociales-a-istmenos","status":"publish","type":"post","link":"https:\/\/zonaroja.com.mx\/?p=72952","title":{"rendered":"DIF Nacional y gobierno de Oaxaca llevan apoyos sociales a istme\u00f1os"},"content":{"rendered":"\n<p>Redacci\u00f3n\/Zona Roja.<\/p>\n\n\n\n<p>Oaxaca de Ju\u00e1rez, Oax., a 30 de septiembre de 2024.- El gobernador Salom\u00f3n Jara Cruz, junto con Irma Bola\u00f1os Quijano, presidenta honoraria del Sistema Estatal para el Desarrollo Integral de la Familia (DIF) Oaxaca, inauguraron el Albergue de Tr\u00e1nsito para Ni\u00f1as, Ni\u00f1os y Adolescentes Migrantes en San Pedro Tapanatepec, Istmo de Tehuantepec. Este es el primer espacio de este tipo en la regi\u00f3n, financiado por el Sistema Nacional DIF (SNDIF), liderado por Nuria Fern\u00e1ndez Espresate.<\/p>\n\n\n\n<p>El mandatario agradeci\u00f3 el apoyo del presidente Andr\u00e9s Manuel L\u00f3pez Obrador, destacando la transformaci\u00f3n que ha vivido Oaxaca gracias a la colaboraci\u00f3n federal. El albergue proporcionar\u00e1 descanso, alimentaci\u00f3n y atenci\u00f3n a las familias migrantes, garantizando sus derechos.<\/p>\n\n\n\n<p>Nuria Fern\u00e1ndez Espresate se\u00f1al\u00f3 que el gobierno federal cerrar\u00e1 su administraci\u00f3n con 106 albergues como este, capaces de atender a 10 mil migrantes. Adem\u00e1s, se implementar\u00e1 un c\u00edrculo de protecci\u00f3n que permitir\u00e1 a los migrantes acceder a servicios m\u00e9dicos, asesor\u00eda jur\u00eddica, atenci\u00f3n psicol\u00f3gica y trabajo social.<\/p>\n\n\n\n<p>Maribel Salinas Velasco, directora del Sistema DIF Oaxaca, explic\u00f3 que se enfrentan los efectos del fen\u00f3meno migratorio, causado por violencia, pobreza y falta de acceso a servicios b\u00e1sicos.&nbsp;<\/p>\n\n\n\n<p>El albergue cuenta con 20 habitaciones, un consultorio m\u00e9dico y comedor, con capacidad para 200 personas.<\/p>\n\n\n\n<p>Durante su gira por el Istmo de Tehuantepec, el gobernador Salom\u00f3n Jara Cruz, acompa\u00f1ado de Irma Bola\u00f1os Quijano, presidenta honoraria del DIF Oaxaca, y Nuria Fern\u00e1ndez Espresate, directora del Sistema Nacional DIF, entregaron apoyos a grupos prioritarios en Santiago Niltepec. Estos incluyeron programas alimentarios como \u2018Desayuno de Letritas\u2019 y \u2018Guisos de Mi Pueblo\u2019, beneficiando a mil 161 personas, y equipamiento para Cocinas y Comedores Populares en 13 municipios.<\/p>\n\n\n\n<p>En el marco de la estrategia \u2018Nutrir con Amor\u2019, tambi\u00e9n se entreg\u00f3 material de orientaci\u00f3n alimentaria a 126 comit\u00e9s de siete municipalidades. Adem\u00e1s, la APBPO don\u00f3 sillas de ruedas, bastones, andaderas y otros aparatos funcionales para mejorar la calidad de vida de los habitantes de la regi\u00f3n.<\/p>\n","protected":false},"excerpt":{"rendered":"<p>Redacci\u00f3n\/Zona Roja. Oaxaca de Ju\u00e1rez, Oax., a 30 de septiembre de 2024.- El gobernador Salom\u00f3n&hellip;<\/p>\n","protected":false},"author":2,"featured_media":72953,"comment_status":"closed","ping_status":"open","sticky":false,"template":"","format":"standard","meta":{"_lmt_disableupdate":"","_lmt_disable":"","_jetpack_memberships_contains_paid_content":false,"footnotes":""},"categories":[109,46],"tags":[939],"class_list":["post-72952","post","type-post","status-publish","format-standard","has-post-thumbnail","hentry","category-minuto-a-minuto","category-zona-blanca","tag-salomon-jara-cruz"],"jetpack_featured_media_url":"https:\/\/zonaroja.com.mx\/wp-content\/uploads\/2024\/09\/Salomon-Jara-Cruz-DIf-nacional-Istmo.jpeg","jetpack_sharing_enabled":true,"_links":{"self":[{"href":"https:\/\/zonaroja.com.mx\/index.php?rest_route=\/wp\/v2\/posts\/72952","targetHints":{"allow":["GET"]}}],"collection":[{"href":"https:\/\/zonaroja.com.mx\/index.php?rest_route=\/wp\/v2\/posts"}],"about":[{"href":"https:\/\/zonaroja.com.mx\/index.php?rest_route=\/wp\/v2\/types\/post"}],"author":[{"embeddable":true,"href":"https:\/\/zonaroja.com.mx\/index.php?rest_route=\/wp\/v2\/users\/2"}],"replies":[{"embeddable":true,"href":"https:\/\/zonaroja.com.mx\/index.php?rest_route=%2Fwp%2Fv2%2Fcomments&post=72952"}],"version-history":[{"count":1,"href":"https:\/\/zonaroja.com.mx\/index.php?rest_route=\/wp\/v2\/posts\/72952\/revisions"}],"predecessor-version":[{"id":72954,"href":"https:\/\/zonaroja.com.mx\/index.php?rest_route=\/wp\/v2\/posts\/72952\/revisions\/72954"}],"wp:featuredmedia":[{"embeddable":true,"href":"https:\/\/zonaroja.com.mx\/index.php?rest_route=\/wp\/v2\/media\/72953"}],"wp:attachment":[{"href":"https:\/\/zonaroja.com.mx\/index.php?rest_route=%2Fwp%2Fv2%2Fmedia&parent=72952"}],"wp:term":[{"taxonomy":"category","embeddable":true,"href":"https:\/\/zonaroja.com.mx\/index.php?rest_route=%2Fwp%2Fv2%2Fcategories&post=72952"},{"taxonomy":"post_tag","embeddable":true,"href":"https:\/\/zonaroja.com.mx\/index.php?rest_route=%2Fwp%2Fv2%2Ftags&post=72952"}],"curies":[{"name":"wp","href":"https:\/\/api.w.org\/{rel}","templated":true}]}}