{"id":72955,"date":"2024-09-30T08:15:00","date_gmt":"2024-09-30T14:15:00","guid":{"rendered":"https:\/\/zonaroja.com.mx\/?p=72955"},"modified":"2024-09-30T07:51:57","modified_gmt":"2024-09-30T13:51:57","slug":"asesinan-a-tres-personas-este-domingo-en-oaxaca","status":"publish","type":"post","link":"https:\/\/zonaroja.com.mx\/?p=72955","title":{"rendered":"Asesinan a tres personas este domingo en Oaxaca"},"content":{"rendered":"\n<p>Raymundo Morales\/Zona Roja.<\/p>\n\n\n\n<p>Oaxaca de Ju\u00e1rez, Oax., a 30 de septiembre de 2024.- Una en\u00e9sima ejecuci\u00f3n se registr\u00f3 este domingo en Juchit\u00e1n de Zaragoza, municipio de la regi\u00f3n del Istmo de Tehuantepec.<\/p>\n\n\n\n<p>El cuerpo fue localizado durante la ma\u00f1ana de ayer en el paraje \u201cGuigu Dxita\u201d y presentaba huellas de tortura, as\u00ed como disparos de arma de fuego; hasta esta ma\u00f1ana, la v\u00edctima a\u00fan no ha sido identificada.<\/p>\n\n\n\n<p>Mientras tanto, en Santos Reyes Nopala, municipio de la regi\u00f3n Costa, fue atacado a balazos un individuo, de identidad desconocida.<\/p>\n\n\n\n<p>Fue trasladado al hospital pero poco despu\u00e9s perdi\u00f3 la vida, a causa de los varios impactos de arma de fuego.<\/p>\n\n\n\n<p>Mientras tanto, en el tramo carretero que comunica de Comaltepec a Santiago Jamiltepec, regi\u00f3n de la Costa, ayer fue acribillado a balazos un adolescente de 17 a\u00f1os de edad.<\/p>\n\n\n\n<p>La v\u00edctima fue identificada como Kevin Alexis C. F., de 17 a\u00f1os de edad, y tambi\u00e9n se desconocen los motivos por los cuales fue ultimado.<\/p>\n","protected":false},"excerpt":{"rendered":"<p>Raymundo Morales\/Zona Roja. Oaxaca de Ju\u00e1rez, Oax., a 30 de septiembre de 2024.- Una en\u00e9sima&hellip;<\/p>\n","protected":false},"author":2,"featured_media":67753,"comment_status":"closed","ping_status":"open","sticky":false,"template":"","format":"standard","meta":{"_lmt_disableupdate":"","_lmt_disable":"","_jetpack_memberships_contains_paid_content":false,"footnotes":""},"categories":[109,51],"tags":[1140],"class_list":["post-72955","post","type-post","status-publish","format-standard","has-post-thumbnail","hentry","category-minuto-a-minuto","category-zona-roja","tag-juchita-de-zaragoza"],"jetpack_featured_media_url":"https:\/\/zonaroja.com.mx\/wp-content\/uploads\/2024\/04\/Escena-de-investigacion-crimen.jpg","jetpack_sharing_enabled":true,"_links":{"self":[{"href":"https:\/\/zonaroja.com.mx\/index.php?rest_route=\/wp\/v2\/posts\/72955","targetHints":{"allow":["GET"]}}],"collection":[{"href":"https:\/\/zonaroja.com.mx\/index.php?rest_route=\/wp\/v2\/posts"}],"about":[{"href":"https:\/\/zonaroja.com.mx\/index.php?rest_route=\/wp\/v2\/types\/post"}],"author":[{"embeddable":true,"href":"https:\/\/zonaroja.com.mx\/index.php?rest_route=\/wp\/v2\/users\/2"}],"replies":[{"embeddable":true,"href":"https:\/\/zonaroja.com.mx\/index.php?rest_route=%2Fwp%2Fv2%2Fcomments&post=72955"}],"version-history":[{"count":1,"href":"https:\/\/zonaroja.com.mx\/index.php?rest_route=\/wp\/v2\/posts\/72955\/revisions"}],"predecessor-version":[{"id":72956,"href":"https:\/\/zonaroja.com.mx\/index.php?rest_route=\/wp\/v2\/posts\/72955\/revisions\/72956"}],"wp:featuredmedia":[{"embeddable":true,"href":"https:\/\/zonaroja.com.mx\/index.php?rest_route=\/wp\/v2\/media\/67753"}],"wp:attachment":[{"href":"https:\/\/zonaroja.com.mx\/index.php?rest_route=%2Fwp%2Fv2%2Fmedia&parent=72955"}],"wp:term":[{"taxonomy":"category","embeddable":true,"href":"https:\/\/zonaroja.com.mx\/index.php?rest_route=%2Fwp%2Fv2%2Fcategories&post=72955"},{"taxonomy":"post_tag","embeddable":true,"href":"https:\/\/zonaroja.com.mx\/index.php?rest_route=%2Fwp%2Fv2%2Ftags&post=72955"}],"curies":[{"name":"wp","href":"https:\/\/api.w.org\/{rel}","templated":true}]}}