{"id":72957,"date":"2024-09-30T12:30:00","date_gmt":"2024-09-30T18:30:00","guid":{"rendered":"https:\/\/zonaroja.com.mx\/?p=72957"},"modified":"2024-09-30T07:54:41","modified_gmt":"2024-09-30T13:54:41","slug":"hereda-amlo-varios-conflictos-internacionales-a-claudia-sheinbaum","status":"publish","type":"post","link":"https:\/\/zonaroja.com.mx\/?p=72957","title":{"rendered":"Hereda AMLO varios conflictos internacionales a Claudia Sheinbaum\u00a0"},"content":{"rendered":"\n<p>Redacci\u00f3n\/Zona Roja Cdmx.<\/p>\n\n\n\n<p>Ciudad de M\u00e9xico, a 30 de septiembre de 2024.- Cuando asuma la Presidencia de M\u00e9xico, Claudia Sheinbaum heredar\u00e1 las tensiones del Gobierno de Andr\u00e9s Manuel L\u00f3pez Obrador con Ecuador, Espa\u00f1a y Per\u00fa, y los efectos de su ausentismo internacional, adem\u00e1s de afrontar un nuevo desaf\u00edo con las elecciones de Estados Unidos.<\/p>\n\n\n\n<p>La primera mujer presidenta de M\u00e9xico se enfrentar\u00e1 en pol\u00edtica exterior&nbsp;con \u201cvarios retos fundamentales que demandan atenci\u00f3n inmediata y estrat\u00e9gica\u201d, advierte a EFE Jos\u00e9 Joel Pe\u00f1a, profesor de la Universidad Nacional Aut\u00f3noma de M\u00e9xico (UNAM).<\/p>\n\n\n\n<p>\u201cEn primer lugar, es crucial restablecer las relaciones diplom\u00e1ticas con actores internacionales de los que el pa\u00eds se ha distanciado, ya sea por la inercia de la propia pol\u00edtica exterior o por malos entendidos. Los casos m\u00e1s apremiantes son Ecuador, Per\u00fa y, desde luego, Espa\u00f1a\u201d, consider\u00f3 el experto en pol\u00edtica exterior.<\/p>\n\n\n\n<p>La mandataria electa choc\u00f3 con Espa\u00f1a esta semana por no invitar al rey, Felipe VI, a su investidura el 1 de octubre porque no respondi\u00f3 a la carta que L\u00f3pez Obrador, quien declar\u00f3 una \u201cpausa\u201d en las relaciones en 2022, mand\u00f3 en marzo de 2019 al monarca para que pidiera perd\u00f3n por los abusos cometidos durante la conquista.<\/p>\n\n\n\n<p>Otro conflicto es la demanda que M\u00e9xico present\u00f3 en abril pasado contra Ecuador ante la Corte Internacional de Justicia (CIJ) tras el allanamiento de las autoridades en la Embajada mexicana en Quito para llevarse al exvicepresidente ecuatoriano Jorge Glas (2013-2017), lo que deriv\u00f3 en la ruptura de relaciones.<\/p>\n\n\n\n<p>Mientras que Per\u00fa y M\u00e9xico tensaron sus relaciones porque L\u00f3pez Obrador consider\u00f3 \u201cespuria\u201d a la presidenta peruana, Dina Boluarte, tras la salida del poder de Pedro Castillo por un autogolpe de Estado en diciembre de 2022, lo que enfr\u00edo a la Alianza del Pac\u00edfico, bloque comercial donde tambi\u00e9n est\u00e1n Chile y Colombia.<\/p>\n\n\n\n<p>DESAF\u00cdO MAY\u00daSCULO<\/p>\n\n\n\n<p>Sheinbaum lidiar\u00e1 con quien gane las elecciones presidenciales de noviembre en Estados Unidos, donde podr\u00eda volver el expresidente Donald Trump (2017-2021), con un discurso m\u00e1s antiinmigrante y las amenazas de bombardear a los narcotraficantes en M\u00e9xico e imponer aranceles.<\/p>\n\n\n\n<p>Un nuevo gobierno de Trump probablemente adoptar\u00eda un enfoque m\u00e1s duro, como aumentar las deportaciones o amenazar con restablecer las separaciones familiares o aplicar nuevos aranceles comerciales a los productos mexicanos. Estas medidas podr\u00edan obstaculizar los flujos comerciales, financieros y de inversi\u00f3n\u201d, advirti\u00f3 un reporte de Moody\u2019s esta semana.<\/p>\n\n\n\n<p>Pero la candidata dem\u00f3crata, la vicepresidenta Kamala Harris, tiene un discurso con \u00e9nfasis en mayor seguridad fronteriza y vot\u00f3 en contra del Tratado M\u00e9xico, Estados Unidos y Canad\u00e1 (T-MEC), en vigor desde 2020, apunt\u00f3 William Jensen, asociado del Consejo Mexicano de Asuntos Internacionales (Comexi).<\/p>\n\n\n\n<p>\u201cHay grandes diferencias entre Trump y Harris, pero la presidenta de M\u00e9xico se enfrentar\u00e1 a un Estados Unidos con un sentimiento m\u00e1s esc\u00e9ptico de la migraci\u00f3n y el libre comercio que en a\u00f1os anteriores, lo que ser\u00e1 determinante para la revisi\u00f3n en 2026 del T-MEC, el gran motor econ\u00f3mico del pa\u00eds\u201d, argument\u00f3 el experto.<\/p>\n\n\n\n<p>LAS AUSENCIAS<\/p>\n\n\n\n<p>L\u00f3pez Obrador, quien lleg\u00f3 al poder en 2018 con el lema \u201cla mejor pol\u00edtica exterior es la interior\u201d, solo hizo siete giras al extranjero en seis a\u00f1os de mandato: cinco a Estados Unidos, una a Chile y Colombia en Suram\u00e9rica, y otra en Centroam\u00e9rica, donde visit\u00f3 Guatemala, El Salvador, Honduras, Belice y Cuba.<\/p>\n\n\n\n<p>Sheinbaum avis\u00f3 este mes que seguir\u00e1 con la pol\u00edtica de \u201cno viajar mucho\u201d del actual presidente y que a\u00fan \u201cvalora\u201d si asistir\u00e1 en noviembre a la cumbre del G20 en Brasil, que ser\u00eda su primera visita de Estado al exterior.<\/p>\n\n\n\n<p>\u201cEn mi caso, la tarea principal es gobernar M\u00e9xico, iremos a algunos eventos internacionales que consideremos importantes, pero no vamos a estar viajando mucho porque nuestra responsabilidad es aqu\u00ed\u201d, expres\u00f3 la futura gobernante en una conferencia el 17 de septiembre.<\/p>\n\n\n\n<p>El profesor Pe\u00f1a anticip\u00f3 \u201ccontinuidad\u201d en la pol\u00edtica exterior de Sheinbaum, aunque consider\u00f3 que hay \u201cuna ventana de oportunidad muy importante\u201d de \u201caumentar la participaci\u00f3n del pa\u00eds en foros regionales e internacionales\u201d porque \u201cla mayor presencia de M\u00e9xico permitir\u00eda tener una voz m\u00e1s influyente en la toma de decisiones\u201d.<\/p>\n\n\n\n<p>(Con informaci\u00f3n de EFE, en L\u00f3pez-D\u00f3riga Digital)<\/p>\n","protected":false},"excerpt":{"rendered":"<p>Redacci\u00f3n\/Zona Roja Cdmx. Ciudad de M\u00e9xico, a 30 de septiembre de 2024.- Cuando asuma la&hellip;<\/p>\n","protected":false},"author":2,"featured_media":72564,"comment_status":"closed","ping_status":"open","sticky":false,"template":"","format":"standard","meta":{"_lmt_disableupdate":"","_lmt_disable":"","_jetpack_memberships_contains_paid_content":false,"footnotes":""},"categories":[109,46],"tags":[3370],"class_list":["post-72957","post","type-post","status-publish","format-standard","has-post-thumbnail","hentry","category-minuto-a-minuto","category-zona-blanca","tag-claudia-sheinbaum"],"jetpack_featured_media_url":"https:\/\/zonaroja.com.mx\/wp-content\/uploads\/2024\/09\/Lopez-Obrador-y-Claudia-Sheinbaum.jpg","jetpack_sharing_enabled":true,"_links":{"self":[{"href":"https:\/\/zonaroja.com.mx\/index.php?rest_route=\/wp\/v2\/posts\/72957","targetHints":{"allow":["GET"]}}],"collection":[{"href":"https:\/\/zonaroja.com.mx\/index.php?rest_route=\/wp\/v2\/posts"}],"about":[{"href":"https:\/\/zonaroja.com.mx\/index.php?rest_route=\/wp\/v2\/types\/post"}],"author":[{"embeddable":true,"href":"https:\/\/zonaroja.com.mx\/index.php?rest_route=\/wp\/v2\/users\/2"}],"replies":[{"embeddable":true,"href":"https:\/\/zonaroja.com.mx\/index.php?rest_route=%2Fwp%2Fv2%2Fcomments&post=72957"}],"version-history":[{"count":1,"href":"https:\/\/zonaroja.com.mx\/index.php?rest_route=\/wp\/v2\/posts\/72957\/revisions"}],"predecessor-version":[{"id":72958,"href":"https:\/\/zonaroja.com.mx\/index.php?rest_route=\/wp\/v2\/posts\/72957\/revisions\/72958"}],"wp:featuredmedia":[{"embeddable":true,"href":"https:\/\/zonaroja.com.mx\/index.php?rest_route=\/wp\/v2\/media\/72564"}],"wp:attachment":[{"href":"https:\/\/zonaroja.com.mx\/index.php?rest_route=%2Fwp%2Fv2%2Fmedia&parent=72957"}],"wp:term":[{"taxonomy":"category","embeddable":true,"href":"https:\/\/zonaroja.com.mx\/index.php?rest_route=%2Fwp%2Fv2%2Fcategories&post=72957"},{"taxonomy":"post_tag","embeddable":true,"href":"https:\/\/zonaroja.com.mx\/index.php?rest_route=%2Fwp%2Fv2%2Ftags&post=72957"}],"curies":[{"name":"wp","href":"https:\/\/api.w.org\/{rel}","templated":true}]}}