{"id":72959,"date":"2024-09-30T09:17:00","date_gmt":"2024-09-30T15:17:00","guid":{"rendered":"https:\/\/zonaroja.com.mx\/?p=72959"},"modified":"2024-09-30T08:18:38","modified_gmt":"2024-09-30T14:18:38","slug":"opinion-bienvenida-claudia-adios-andres-manuel","status":"publish","type":"post","link":"https:\/\/zonaroja.com.mx\/?p=72959","title":{"rendered":"Opini\u00f3n. \u00a1Bienvenida Claudia! \u00bfAdi\u00f3s Andr\u00e9s Manuel?"},"content":{"rendered":"\n<p>Ismael Garc\u00eda M.\/Zona Roja.<\/p>\n\n\n\n<p>Oaxaca, Oax., a 30 de septiembre de 2024.- Nadie duda que ser\u00e1 un hecho hist\u00f3rico para todos los mexicanos.<\/p>\n\n\n\n<p>Este martes 1 de octubre toma posesi\u00f3n Claudia Sheinbaum Pardo como la primera Presidenta de M\u00e9xico.&nbsp;<\/p>\n\n\n\n<p>Y es y ser\u00e1 un hecho hist\u00f3rico, pues luego de m\u00e1s de dos siglos y un gobierno presidencial de varones, por fin una mujer gobernar\u00e1 un pa\u00eds de m\u00e1s de 120 millones de personas, en que la mayor\u00eda son precisamente mujeres.<\/p>\n\n\n\n<p>\u00bfC\u00f3mo ser\u00e1 su desempe\u00f1o? Est\u00e1 por verse y hay que darle el beneficio de la duda, primero por ser mujer profesionista, preparada; segundo, porque seguramente ellas s\u00ed saben gobernar, s\u00f3lo que por muchas d\u00e9cadas se les han negado los espacios de poder.<\/p>\n\n\n\n<p>Es obvio tambi\u00e9n que millones de antimorenistas esperan un cambio; millones tambi\u00e9n de morenistas est\u00e1n expectantes porque contin\u00fae la transformaci\u00f3n del pa\u00eds.<\/p>\n\n\n\n<p>Este lunes es el \u00faltimo d\u00eda del gobierno de Andr\u00e9s Manuel L\u00f3pez Obrador, fundador y l\u00edder \u00fanico de Morena, que deja muchos saldos positivos pero tambi\u00e9n muchos pendientes con saldos negativos.<\/p>\n\n\n\n<p>Deja adem\u00e1s un pa\u00eds dividido, entre \u201cchairos\u201d y \u201cfifis\u201d; entre \u201cconservadores\u201d y \u201cdem\u00f3cratas\u201d transformadores.<\/p>\n\n\n\n<p>Pero, \u00bfrealmente se ir\u00e1 L\u00f3pez Obrador a su rancho \u201cLa Chingada\u201d en Palenque, Chiapas? O seguir\u00e1 controlado el poder presidencial, a trav\u00e9s de su hijo en Morena y a trav\u00e9s del medio gabinete que impuso a la pr\u00f3xima titular del Poder Ejecutivo.<\/p>\n\n\n\n<p>LA ESPERANZA<\/p>\n\n\n\n<p>Seg\u00fan datos en Wikipedia, Sheinbaum Pardo naci\u00f3 el 24 de junio de 1962 en la Ciudad de M\u00e9xico, en el seno de una familia jud\u00eda secular de origen lituano y b\u00falgaro.<\/p>\n\n\n\n<p>Es la segunda hija del matrimonio del qu\u00edmico Carlos Sheinbaum Yoselevitz y la bi\u00f3loga Annie Pardo Cemo. Carlos Sheinbaum formaba parte de la comunidad jud\u00eda asquenaz\u00ed originaria de Lituania que lleg\u00f3 a M\u00e9xico en la d\u00e9cada de 1920. Su padre era comerciante de joyas y militaba en el Partido Comunista Mexicano.<\/p>\n\n\n\n<p>Annie Pardo, la madre de Claudia, procede de una familia de jud\u00edos sefard\u00edes b\u00falgaros asimilados que llegaron a M\u00e9xico en 1942.<\/p>\n\n\n\n<p>Los padres de Claudia participaron activamente en los c\u00edrculos de la izquierda mexicana durante la d\u00e9cada de 1960, en protestas, movimientos obreros y revueltas estudiantiles.<\/p>\n\n\n\n<p>Claudia se cas\u00f3 en 1987 con Carlos \u00cdmaz Gispert, miembro fundador del Partido de la Revoluci\u00f3n Democr\u00e1tica (PRD) y jefe Delegacional de Tlalpan (2003-2004),pero se separaron en 2016. El 17 de noviembre de 2023 contrajo matrimonio con Jes\u00fas Mar\u00eda Tarriba, doctor en ciencia f\u00edsica por la UNAM y excompa\u00f1ero universitario.<\/p>\n\n\n\n<p>Respecto a su carrera pol\u00edtica, fue jefa de Gobierno de Ciudad de M\u00e9xico entre el 5 de diciembre de 2018 y el 16 de junio de 2023, y la primera mujer electa que ejerci\u00f3 el cargo. Anteriormente se hab\u00eda desempe\u00f1ado como secretaria de Medio Ambiente del Distrito Federal de 2000 a 2006, con L\u00f3pez Obrador, y como jefa delegacional de Tlalpan de 2015 a 2017.<\/p>\n\n\n\n<p>Sus estudios universitarios los curs\u00f3 en la Facultad de Ciencias de la Universidad Nacional Aut\u00f3noma de M\u00e9xico (UNAM), donde obtuvo la licenciatura, en 1989.<\/p>\n\n\n\n<p>En 1994 obtuvo el grado de Maestr\u00eda en Ingenier\u00eda Energ\u00e9tica y en 1995 fue la primera mujer en ingresar al doctorado en \u00abingenier\u00eda en energ\u00eda\u00bb de la Facultad de Ingenier\u00eda de la UNAM y obtener un grado de doctora.<\/p>\n\n\n\n<p>Form\u00f3 parte de las bases del PRD y en 2011 particip\u00f3 en la constituci\u00f3n del Movimiento de Regeneraci\u00f3n Nacional.<\/p>\n\n\n\n<p>Hizo historia el 5 de diciembre de 2018, al convertirse en la primera mujer en presidir el gobierno de la Ciudad de M\u00e9xico; ahora har\u00e1 historia en ser la primera mujer en la Presidencia de la Rep\u00fablica.<\/p>\n\n\n\n<p>Fue designada por L\u00f3pez Obrador primero como \u201creferente\u201d, despu\u00e9s como aspirante a la Presidencia, entre varios competidores y finalmente fue impuesta como candidata; con las siglas de Morena, PT y PVEM, gan\u00f3 la elecci\u00f3n el pasado 2 de junio con m\u00e1s de 35 millones de votos.<\/p>\n\n\n\n<p>LA HERENCIA<\/p>\n\n\n\n<p>Pero L\u00f3pez Obrador le deja muchos pendientes. Primero una cauda de proyectos fara\u00f3nicos, que no se sabr\u00eda si sin \u201celefantes blancos\u201d o si a mediano plazo podr\u00e1n funcionar.&nbsp;<\/p>\n\n\n\n<p>Como ejemplos cercanos, en el caso de Oaxaca, el Corredor Interoce\u00e1nico del Istmo de Tehuantepec, de los que hasta ahora \u00fanicamente funciona, sin \u00e9xito, el tren que cruza de Salina Cruz hacia Veracruz, pero solamente para pasajeros.<\/p>\n\n\n\n<p>Hasta el momento, no hay traslado de carga del Pac\u00edfico hacia el Atl\u00e1ntico o viceversa; tampoco funcionan, ni siquiera se han comenzado a instalar, los 10 polo de desarrollo que comprenden dicho proyecto.<\/p>\n\n\n\n<p>Mucho menos se ha terminado de construir la planta coquizadora en la refiner\u00eda de Pemex Salina Cruz y, por el contrario, en fechas recientes ha tenido m\u00faltiples fallas, con saldos fatales, de al menos dos muertos.<\/p>\n\n\n\n<p>El rompeolas ah\u00ed est\u00e1 y requiri\u00f3 tambi\u00e9n miles de millones de pesos pero hasta ahora en absoluto se le ve alguna utilidad.<\/p>\n\n\n\n<p>La supercarretera Oaxaca-Costa, por las prisas se inaugur\u00f3 en febrero, sin concluir, y las consecuencias han estado hoy a la vista, en su tramo Barranca Larga Ventanilla, con m\u00faltiples derrumbes cotidianos, situaci\u00f3n que se ha agravado con las lluvias.<\/p>\n\n\n\n<p>La supercarretera Oaxaca-Istmo, en su tramo Mitla-Tehuantepec, tambi\u00e9n se qued\u00f3 inconcluso; se abrir\u00eda al p\u00fablico en diciembre, pero de la misma manera sin terminar y con m\u00faltiples riesgos para automovilistas y transportistas.<\/p>\n\n\n\n<p>Caminos artesanales: se ofrecieron cerca de 300 y se terminaron alrededor de 200 a cabeceras municipales. Pero eso s\u00ed, hay un sendero artesanal de 44 kil\u00f3metros, de Guelatao a Tlalixtac, que nadie en su sano juicio caminar\u00eda pues el tramo se lleva unas 12 horas, con m\u00faltiples subidas y bajadas, imposibles pr\u00e1cticamente para caminar, a no ser que se use para el deporte extremo.<\/p>\n\n\n\n<p>Son largos los pendientes que hay en Oaxaca y otro saldo es la pobreza; aunque L\u00f3pez Obrador se basa en cifras del Inegi para decir que hubo una reducci\u00f3n, la realidad en los pueblos es muy distinta.<\/p>\n\n\n\n<p>Acaso las personas adultas y los j\u00f3venes y los estudiantes agradezcan y reconozcan las becas y el dinero que se les regala cada dos meses pero que en absoluto tienen una condicionante; es decir, no hay ninguna finalidad al otorgar el recurso m\u00e1s que tener el voto cautivo; es decir, no se ofrece una opci\u00f3n de vida y de trabajo, m\u00e1s que esperar los dep\u00f3sitos del efectivo.<\/p>\n\n\n\n<p>A nivel nacional, el Aeropuerto Internacional de la Cdmx tiene m\u00e1s de un a\u00f1o inaugurado y nada m\u00e1s no funciona adecuadamente; la refiner\u00eda Dos Bocas tiene mucho de haber sido declarada terminada pero apenas empieza a producir combustibles; el Tren Maya fue terminado aprisa apenas ayer domingo, con graves impactos ambientales; la salud y la educaci\u00f3n, con graves retrocesos. \u00bfQu\u00e9 decir de la seguridad?<\/p>\n\n\n\n<p>EL RETO<\/p>\n\n\n\n<p>Claudia Sheinbaum tiene varios retos a la puerta, al asumir el cargo, y que urge atender desde el primer d\u00eda.<\/p>\n\n\n\n<p>Uno de ellos, pacificar el pa\u00eds y dejar de insistir en el \u201cabrazos no balazos\u201d, pues est\u00e1 probado que simplemente no funciona la estrategia.<\/p>\n\n\n\n<p>Y los resultados est\u00e1n a la vista: cerca de 200 mil personas asesinadas en el sexenio obradorista, cifra que rebasa por mucho a los antecesores priistas y panistas.<\/p>\n\n\n\n<p>Urge ya, no m\u00e1s contemplaciones hacia la delincuencia organizada e impedir que controlen totalmente el pa\u00eds; no quiere decir que se lance una guerra sin cuartel, pero hay muchas acciones que se deben procurar de inmediato.<\/p>\n\n\n\n<p>El sistema de salud no es mejor que Dinamarca y por lo pronto, se debe reactivar la atenci\u00f3n m\u00e9dica puntual y la dotaci\u00f3n de medicamentos en todo M\u00e9xico, principalmente para la poblaci\u00f3n vulnerable.<\/p>\n\n\n\n<p>Ya, de una vez por todas, dejar de estar dividi\u00e9ndole el pa\u00eds entre ricos y pobres, entre \u201cconservadores\u201d y progresistas; entre aduladores y cr\u00edticos, a quienes se les tacha de adversarios; tambi\u00e9n dejar de satanizar a la prensa \u2014tema que requerir\u00e1 un espacio m\u00e1s amplio\u2014 y combatir las desinformaciones con datos, con informaci\u00f3n real, precisa, y no con se\u00f1alamientos.<\/p>\n\n\n\n<p>Urge ya una reconciliaci\u00f3n en el pa\u00eds\u2026 y evitar que la dinast\u00eda Obrador, a trav\u00e9s de sus personeros en Morena y en el nuevo gabinete, sigan dictando las l\u00edneas que deber\u00e1 seguir Claudia Sheinbaum. \u00bfPodr\u00e1 sacudirse ese estigma la primera Presidenta de M\u00e9xico? O est\u00e1 atada.<\/p>\n","protected":false},"excerpt":{"rendered":"<p>Ismael Garc\u00eda M.\/Zona Roja. Oaxaca, Oax., a 30 de septiembre de 2024.- Nadie duda que&hellip;<\/p>\n","protected":false},"author":2,"featured_media":67764,"comment_status":"closed","ping_status":"open","sticky":false,"template":"","format":"standard","meta":{"_lmt_disableupdate":"","_lmt_disable":"","_jetpack_memberships_contains_paid_content":false,"footnotes":""},"categories":[456,109,48],"tags":[1353],"class_list":["post-72959","post","type-post","status-publish","format-standard","has-post-thumbnail","hentry","category-columna","category-minuto-a-minuto","category-zona-critica","tag-opinion-zona-critica"],"jetpack_featured_media_url":"https:\/\/zonaroja.com.mx\/wp-content\/uploads\/2024\/04\/Opinion-Zona-Roja-Ismael-Garcia.jpg","jetpack_sharing_enabled":true,"_links":{"self":[{"href":"https:\/\/zonaroja.com.mx\/index.php?rest_route=\/wp\/v2\/posts\/72959","targetHints":{"allow":["GET"]}}],"collection":[{"href":"https:\/\/zonaroja.com.mx\/index.php?rest_route=\/wp\/v2\/posts"}],"about":[{"href":"https:\/\/zonaroja.com.mx\/index.php?rest_route=\/wp\/v2\/types\/post"}],"author":[{"embeddable":true,"href":"https:\/\/zonaroja.com.mx\/index.php?rest_route=\/wp\/v2\/users\/2"}],"replies":[{"embeddable":true,"href":"https:\/\/zonaroja.com.mx\/index.php?rest_route=%2Fwp%2Fv2%2Fcomments&post=72959"}],"version-history":[{"count":1,"href":"https:\/\/zonaroja.com.mx\/index.php?rest_route=\/wp\/v2\/posts\/72959\/revisions"}],"predecessor-version":[{"id":72960,"href":"https:\/\/zonaroja.com.mx\/index.php?rest_route=\/wp\/v2\/posts\/72959\/revisions\/72960"}],"wp:featuredmedia":[{"embeddable":true,"href":"https:\/\/zonaroja.com.mx\/index.php?rest_route=\/wp\/v2\/media\/67764"}],"wp:attachment":[{"href":"https:\/\/zonaroja.com.mx\/index.php?rest_route=%2Fwp%2Fv2%2Fmedia&parent=72959"}],"wp:term":[{"taxonomy":"category","embeddable":true,"href":"https:\/\/zonaroja.com.mx\/index.php?rest_route=%2Fwp%2Fv2%2Fcategories&post=72959"},{"taxonomy":"post_tag","embeddable":true,"href":"https:\/\/zonaroja.com.mx\/index.php?rest_route=%2Fwp%2Fv2%2Ftags&post=72959"}],"curies":[{"name":"wp","href":"https:\/\/api.w.org\/{rel}","templated":true}]}}