{"id":72961,"date":"2024-09-30T09:18:00","date_gmt":"2024-09-30T15:18:00","guid":{"rendered":"https:\/\/zonaroja.com.mx\/?p=72961"},"modified":"2024-09-30T08:27:27","modified_gmt":"2024-09-30T14:27:27","slug":"ayuda-a-damnificados-que-no-sea-para-la-foto-arzobispo","status":"publish","type":"post","link":"https:\/\/zonaroja.com.mx\/?p=72961","title":{"rendered":"Ayuda a damnificados, \u201cque no sea para la foto\u201d: Arzobispo"},"content":{"rendered":"\n<p>Ismael Garc\u00eda M.\/Zona Roja.<\/p>\n\n\n\n<p>Oaxaca de Ju\u00e1rez, Oax., a 30 de septiembre de 2024.- \u201cAqu\u00ed hago un llamado, desde este lugar, ojal\u00e1 y nuestras autoridades civiles se hagan presentes en esos lugares, no para tomarse la foto, sino para ver las necesidades y para que se hagan tantas cosas en favor de nuestros hermanos oaxaque\u00f1os que a causa del hurac\u00e1n \u2018John\u2019 est\u00e1n sufriendo\u201d.<\/p>\n\n\n\n<p>Este fue el exhorto del Arzobispo de Antequera Oaxaca, Pedro V\u00e1zquez Villalobos, durante la homil\u00eda de este domingo desde la Catedral metropolitana, en que llam\u00f3 a solidarizarse con los damnificados a causa de las intensas lluvias de la semana pasada.<\/p>\n\n\n\n<p>En el inicio de su mensaje y luego de detallar la alegr\u00eda del pueblo cat\u00f3lico por diversas festividades religiosas, sostuvo que tambi\u00e9n hay preocupaci\u00f3n, \u201chay tristeza, hay dolor por muchas cosas que pasan en nuestro entorno, en nuestros pueblos\u201d.<\/p>\n\n\n\n<p>Agreg\u00f3:<\/p>\n\n\n\n<p>\u201cHoy, me acompa\u00f1a en esta celebraci\u00f3n el p\u00e1rroco de (Santiago) Amoltepec, vino al taller de formaci\u00f3n, a la formaci\u00f3n de los presb\u00edteros, con mucha dificultad y no puede regresar al pueblo de Amoltepec, porque hay derrumbes en los caminos y no se puede pasar, no se puede pasar\u201d.<\/p>\n\n\n\n<p>Confi\u00f3 en que las autoridades de los tres niveles arreglen pronto los caminos y que adem\u00e1s llegue pronto la ayuda a los m\u00e1s necesitados.<\/p>\n\n\n\n<p>\u201cEn su momento, tal vez llegue a nuestros o\u00eddos la invitaci\u00f3n de que hagamos llegar v\u00edveres a nuestros hermanos. Ojal\u00e1 y eso que vamos a escuchar tal vez en fecha pr\u00f3xima, llegue hasta nuestro coraz\u00f3n, mueva nuestra voluntad y queramos aportar algo en favor de nuestros hermanos que sufren\u201d.<\/p>\n\n\n\n<p>Misma solidaridad pidi\u00f3 para los migrantes de otros pa\u00edses que cruzan por el estado de Oaxaca:<\/p>\n\n\n\n<p>\u201cNo tomemos las actitudes de desprecio por los que pasan por aqu\u00ed, que vienen de diferentes naciones, seamos capaces de tender la mano, de ayudar, de compartir con ellos nuestra pobreza y eso nos enriquece, porque lo estamos haciendo por amor a Dios y Dios sabe recompensar al hombre de coraz\u00f3n bueno\u201d.<\/p>\n\n\n\n<p>Pidi\u00f3 tratarlos con respeto y amor, \u201cpues as\u00ed como exigimos nosotros respeto para los que se han ido a otras ciudades, a otras naciones y muy en especial a los Estados Unidos, miles y miles de oaxaque\u00f1os est\u00e1n en Estados Unidos y nosotros exigimos respeto para los que tuvieron que migrar para all\u00e1, pues eso mismo nos dicen los guatemaltecos que pasan por aqu\u00ed, los hondure\u00f1os, los cubanos, los venezolanos.&nbsp;<\/p>\n\n\n\n<p>\u201cEso mismo nos dicen, merezco ser respetado, t\u00fa pides que se respete a los oaxaque\u00f1os en los Estados Unidos y yo voy pasando por tu pueblo, por tu ciudad, resp\u00e9tame, resp\u00e9tame para que te puedas ganar el respeto de tu hermano, el respeto de tu padre que est\u00e1 all\u00e1, el respeto de tu hijo, g\u00e1nate el respeto respetando\u201d.<\/p>\n","protected":false},"excerpt":{"rendered":"<p>Ismael Garc\u00eda M.\/Zona Roja. Oaxaca de Ju\u00e1rez, Oax., a 30 de septiembre de 2024.- \u201cAqu\u00ed&hellip;<\/p>\n","protected":false},"author":2,"featured_media":72962,"comment_status":"closed","ping_status":"open","sticky":false,"template":"","format":"standard","meta":{"_lmt_disableupdate":"","_lmt_disable":"","_jetpack_memberships_contains_paid_content":false,"footnotes":""},"categories":[109,46],"tags":[992],"class_list":["post-72961","post","type-post","status-publish","format-standard","has-post-thumbnail","hentry","category-minuto-a-minuto","category-zona-blanca","tag-arzobispo-de-antequera-oaxaca"],"jetpack_featured_media_url":"https:\/\/zonaroja.com.mx\/wp-content\/uploads\/2024\/09\/Arzobispo-Pedro-Vazquez.jpg","jetpack_sharing_enabled":true,"_links":{"self":[{"href":"https:\/\/zonaroja.com.mx\/index.php?rest_route=\/wp\/v2\/posts\/72961","targetHints":{"allow":["GET"]}}],"collection":[{"href":"https:\/\/zonaroja.com.mx\/index.php?rest_route=\/wp\/v2\/posts"}],"about":[{"href":"https:\/\/zonaroja.com.mx\/index.php?rest_route=\/wp\/v2\/types\/post"}],"author":[{"embeddable":true,"href":"https:\/\/zonaroja.com.mx\/index.php?rest_route=\/wp\/v2\/users\/2"}],"replies":[{"embeddable":true,"href":"https:\/\/zonaroja.com.mx\/index.php?rest_route=%2Fwp%2Fv2%2Fcomments&post=72961"}],"version-history":[{"count":1,"href":"https:\/\/zonaroja.com.mx\/index.php?rest_route=\/wp\/v2\/posts\/72961\/revisions"}],"predecessor-version":[{"id":72963,"href":"https:\/\/zonaroja.com.mx\/index.php?rest_route=\/wp\/v2\/posts\/72961\/revisions\/72963"}],"wp:featuredmedia":[{"embeddable":true,"href":"https:\/\/zonaroja.com.mx\/index.php?rest_route=\/wp\/v2\/media\/72962"}],"wp:attachment":[{"href":"https:\/\/zonaroja.com.mx\/index.php?rest_route=%2Fwp%2Fv2%2Fmedia&parent=72961"}],"wp:term":[{"taxonomy":"category","embeddable":true,"href":"https:\/\/zonaroja.com.mx\/index.php?rest_route=%2Fwp%2Fv2%2Fcategories&post=72961"},{"taxonomy":"post_tag","embeddable":true,"href":"https:\/\/zonaroja.com.mx\/index.php?rest_route=%2Fwp%2Fv2%2Ftags&post=72961"}],"curies":[{"name":"wp","href":"https:\/\/api.w.org\/{rel}","templated":true}]}}