{"id":72964,"date":"2024-09-30T11:30:00","date_gmt":"2024-09-30T17:30:00","guid":{"rendered":"https:\/\/zonaroja.com.mx\/?p=72964"},"modified":"2024-09-30T08:30:00","modified_gmt":"2024-09-30T14:30:00","slug":"huracan-john-ya-suma-29-muertos-en-tres-estados-del-pais","status":"publish","type":"post","link":"https:\/\/zonaroja.com.mx\/?p=72964","title":{"rendered":"Hurac\u00e1n John ya suma 29 muertos en tres estados del pa\u00eds"},"content":{"rendered":"\n<p>Redacci\u00f3n\/Zona Roja Cdmx.<\/p>\n\n\n\n<p>Ciudad de M\u00e9xico, a 30 de septiembre de 2024.- Las muertes provocadas por el hurac\u00e1n \u201cJohn\u201d en Guerrero ascienden a 23, luego de que las autoridades confirmaran cuatro nuevos decesos, lo que da una cifra total de 29 en todo el pa\u00eds desde el impacto del cicl\u00f3n el lunes pasado.<\/p>\n\n\n\n<p>Las 23 muertes en Guerrero se suman a los cinco decesos reportados en Oaxaca. Y uno m\u00e1s en Michoac\u00e1n.<\/p>\n\n\n\n<p>Tras el cese de las lluvias de la tormenta tropical John, las inundaciones en el puerto de Acapulco comenzaron a descender y algunos de los habitantes realizan el recuento de da\u00f1os, temerosos de que las precipitaciones vuelvan a complicar la situaci\u00f3n en el municipio, colapsado en su Zona Diamante, tur\u00edstica y popular.<\/p>\n\n\n\n<p>Aunque no llovi\u00f3 desde el s\u00e1bado, los escurrimientos de agua y reblandecimientos de tierra continuaron en las partes altas y vialidades del municipio que registra un total de 19 colonias afectadas, seg\u00fan informaci\u00f3n de autoridades del estado de Guerrero.<\/p>\n\n\n\n<p>Pese a ello, algunos acapulque\u00f1os comenzaron con labores de limpieza en sus casas y las autoridades, en diversas vialidades e infraestructura da\u00f1ada.<\/p>\n\n\n\n<p>En la Zona Diamante, la m\u00e1s afectada, baj\u00f3 el nivel del agua, pero algunas colonias como la Conjunto Habitacional Vicente Guerrero 2000 sigue inundada y sus m\u00e1s de 600 habitantes tienen luz y agua potable, pero salen e ingresan de sus casas en lancha, que les cobra 200 pesos el viaje, por lo que claman ayuda al Ej\u00e9rcito, Marina y Guardia Nacional, porque est\u00e1n con m\u00e1s de un metro de inundaci\u00f3n por la subida de nivel de la aleda\u00f1a Laguna de Tres Palos.<\/p>\n\n\n\n<p>\u201cLo que m\u00e1s queremos es que ya deje de llover; dejando de llover el agua baja y ya podemos ir a limpiar y ver qu\u00e9 sirve y qu\u00e9 se tira\u201d, se\u00f1al\u00f3 Cyndi Viridiana G\u00f3mez, cuando regresaba del centro comercial.<\/p>\n\n\n\n<p>Por la noche, elementos del Ej\u00e9rcito, Guardia Nacional y de la Polic\u00eda Estatal de Guerrero realizan patrullajes en la ciudad y resguardan centros comerciales, bancos, gasolineras y tiendas de conveniencia para evitar saqueos como los ocurridos durante la emergencia por el paso del hurac\u00e1n Otis, en octubre del a\u00f1o pasado. Durante la madrugada del s\u00e1bado se observ\u00f3 la llegada de caravanas de veh\u00edculos con equipo y ayuda para los damnificados del hurac\u00e1n John.<\/p>\n\n\n\n<p>(Informaci\u00f3n de \u201cEl Informador\u201d)<\/p>\n","protected":false},"excerpt":{"rendered":"<p>Redacci\u00f3n\/Zona Roja Cdmx. Ciudad de M\u00e9xico, a 30 de septiembre de 2024.- Las muertes provocadas&hellip;<\/p>\n","protected":false},"author":2,"featured_media":72892,"comment_status":"closed","ping_status":"open","sticky":false,"template":"","format":"standard","meta":{"_lmt_disableupdate":"","_lmt_disable":"","_jetpack_memberships_contains_paid_content":false,"footnotes":""},"categories":[109,47],"tags":[4073],"class_list":["post-72964","post","type-post","status-publish","format-standard","has-post-thumbnail","hentry","category-minuto-a-minuto","category-zona-gris","tag-huracan-john"],"jetpack_featured_media_url":"https:\/\/zonaroja.com.mx\/wp-content\/uploads\/2024\/09\/Afectaciones-lluvias-Costa-Oaxaca.jpeg","jetpack_sharing_enabled":true,"_links":{"self":[{"href":"https:\/\/zonaroja.com.mx\/index.php?rest_route=\/wp\/v2\/posts\/72964","targetHints":{"allow":["GET"]}}],"collection":[{"href":"https:\/\/zonaroja.com.mx\/index.php?rest_route=\/wp\/v2\/posts"}],"about":[{"href":"https:\/\/zonaroja.com.mx\/index.php?rest_route=\/wp\/v2\/types\/post"}],"author":[{"embeddable":true,"href":"https:\/\/zonaroja.com.mx\/index.php?rest_route=\/wp\/v2\/users\/2"}],"replies":[{"embeddable":true,"href":"https:\/\/zonaroja.com.mx\/index.php?rest_route=%2Fwp%2Fv2%2Fcomments&post=72964"}],"version-history":[{"count":1,"href":"https:\/\/zonaroja.com.mx\/index.php?rest_route=\/wp\/v2\/posts\/72964\/revisions"}],"predecessor-version":[{"id":72965,"href":"https:\/\/zonaroja.com.mx\/index.php?rest_route=\/wp\/v2\/posts\/72964\/revisions\/72965"}],"wp:featuredmedia":[{"embeddable":true,"href":"https:\/\/zonaroja.com.mx\/index.php?rest_route=\/wp\/v2\/media\/72892"}],"wp:attachment":[{"href":"https:\/\/zonaroja.com.mx\/index.php?rest_route=%2Fwp%2Fv2%2Fmedia&parent=72964"}],"wp:term":[{"taxonomy":"category","embeddable":true,"href":"https:\/\/zonaroja.com.mx\/index.php?rest_route=%2Fwp%2Fv2%2Fcategories&post=72964"},{"taxonomy":"post_tag","embeddable":true,"href":"https:\/\/zonaroja.com.mx\/index.php?rest_route=%2Fwp%2Fv2%2Ftags&post=72964"}],"curies":[{"name":"wp","href":"https:\/\/api.w.org\/{rel}","templated":true}]}}