{"id":72966,"date":"2024-09-30T12:44:00","date_gmt":"2024-09-30T18:44:00","guid":{"rendered":"https:\/\/zonaroja.com.mx\/?p=72966"},"modified":"2024-09-30T09:46:53","modified_gmt":"2024-09-30T15:46:53","slug":"israel-extiende-ataques-a-mas-zonas-de-oriente-medio","status":"publish","type":"post","link":"https:\/\/zonaroja.com.mx\/?p=72966","title":{"rendered":"Israel extiende ataques a m\u00e1s zonas de Oriente Medio\u00a0"},"content":{"rendered":"\n<p>Redacci\u00f3n\/Zona Roja Cdmx.<\/p>\n\n\n\n<p>Ciudad de M\u00e9xico, a 30 de septiembre de 2024.- El ej\u00e9rcito israel\u00ed lanz\u00f3 este domingo una andanada de bombardeos contra Hezbol\u00e1 en L\u00edbano que dejaron m\u00e1s de 100 muertos, dos d\u00edas despu\u00e9s de haber asesinado al l\u00edder del movimiento islamista liban\u00e9s, Has\u00e1n Nasral\u00e1, junto con decenas de otros miembros del grupo en otro ataque.<\/p>\n\n\n\n<p>En otro frente, Israel dijo que golpe\u00f3 objetivos de los rebeldes hut\u00edes en el oeste de Yemen, despu\u00e9s de que estos insurgentes proiran\u00edes reivindicaran el lanzamiento de un misil contra el aeropuerto de Tel Aviv.<\/p>\n\n\n\n<p>Estos bombardeos provocaron cuatro muertos, seg\u00fan medios de los rebeldes yemenitas.<\/p>\n\n\n\n<p>Manteniendo la presi\u00f3n militar contra Hezbol\u00e1, una formaci\u00f3n chiita proiran\u00ed, el ej\u00e9rcito israel\u00ed indic\u00f3 que golpe\u00f3 120 objetivos en L\u00edbano.<\/p>\n\n\n\n<p>Al respecto, el Frente Popular para la Liberaci\u00f3n de Palestina afirm\u00f3 ayer que tres de sus l\u00edderes murieron en un ataque israel\u00ed en Beirut, dirigido contra el distrito de Kola.<\/p>\n\n\n\n<p>Corresponsales de la AFP escucharon una fuerte explosi\u00f3n y vieron columnas de humo sobre los suburbios del sur de Beirut, basti\u00f3n de Hezbol\u00e1, donde el viernes falleci\u00f3 Nasral\u00e1 en un bombardeo israel\u00ed que arras\u00f3 edificios enteros.<\/p>\n\n\n\n<p>El cuerpo del l\u00edder del movimiento liban\u00e9s \u201cfue encontrado el s\u00e1bado y fue envuelto en un sudario\u201d, indic\u00f3 una fuente cercana a la organizaci\u00f3n, precisando que todav\u00eda no se fij\u00f3 la fecha del funeral.<\/p>\n\n\n\n<p>En un balance revisado y publicado a \u00faltima hora de ayer, el Ministerio de Salud liban\u00e9s cifr\u00f3 el total de muertos en 105 y el de heridos en 359.<\/p>\n\n\n\n<p>El Ministerio de Sanidad liban\u00e9s ha dicho que m\u00e1s de mil libaneses han muerto y 6 mil han resultado heridos en las \u00faltimas dos semanas, sin decir cu\u00e1ntos eran civiles. Seg\u00fan el gobierno, un mill\u00f3n de personas han huido de sus hogares.<\/p>\n\n\n\n<p>En tanto, el Programa Mundial de Alimentos (PMA) lanz\u00f3 una operaci\u00f3n de emergencia para ayudar a un mill\u00f3n de personas afectadas por la reciente escalada del conflicto en L\u00edbano, anunci\u00f3 ayer dicha&nbsp; agencia de las Naciones Unidas.<\/p>\n\n\n\n<p>(Informaci\u00f3n de AFP en \u201cExc\u00e9lsior\u201d)<\/p>\n","protected":false},"excerpt":{"rendered":"<p>Redacci\u00f3n\/Zona Roja Cdmx. Ciudad de M\u00e9xico, a 30 de septiembre de 2024.- El ej\u00e9rcito israel\u00ed&hellip;<\/p>\n","protected":false},"author":2,"featured_media":72967,"comment_status":"closed","ping_status":"open","sticky":false,"template":"","format":"standard","meta":{"_lmt_disableupdate":"","_lmt_disable":"","_jetpack_memberships_contains_paid_content":false,"footnotes":""},"categories":[109,47],"tags":[2668],"class_list":["post-72966","post","type-post","status-publish","format-standard","has-post-thumbnail","hentry","category-minuto-a-minuto","category-zona-gris","tag-conflicto-gaza-israel"],"jetpack_featured_media_url":"https:\/\/zonaroja.com.mx\/wp-content\/uploads\/2024\/09\/Ataques-Israel.jpeg","jetpack_sharing_enabled":true,"_links":{"self":[{"href":"https:\/\/zonaroja.com.mx\/index.php?rest_route=\/wp\/v2\/posts\/72966","targetHints":{"allow":["GET"]}}],"collection":[{"href":"https:\/\/zonaroja.com.mx\/index.php?rest_route=\/wp\/v2\/posts"}],"about":[{"href":"https:\/\/zonaroja.com.mx\/index.php?rest_route=\/wp\/v2\/types\/post"}],"author":[{"embeddable":true,"href":"https:\/\/zonaroja.com.mx\/index.php?rest_route=\/wp\/v2\/users\/2"}],"replies":[{"embeddable":true,"href":"https:\/\/zonaroja.com.mx\/index.php?rest_route=%2Fwp%2Fv2%2Fcomments&post=72966"}],"version-history":[{"count":1,"href":"https:\/\/zonaroja.com.mx\/index.php?rest_route=\/wp\/v2\/posts\/72966\/revisions"}],"predecessor-version":[{"id":72968,"href":"https:\/\/zonaroja.com.mx\/index.php?rest_route=\/wp\/v2\/posts\/72966\/revisions\/72968"}],"wp:featuredmedia":[{"embeddable":true,"href":"https:\/\/zonaroja.com.mx\/index.php?rest_route=\/wp\/v2\/media\/72967"}],"wp:attachment":[{"href":"https:\/\/zonaroja.com.mx\/index.php?rest_route=%2Fwp%2Fv2%2Fmedia&parent=72966"}],"wp:term":[{"taxonomy":"category","embeddable":true,"href":"https:\/\/zonaroja.com.mx\/index.php?rest_route=%2Fwp%2Fv2%2Fcategories&post=72966"},{"taxonomy":"post_tag","embeddable":true,"href":"https:\/\/zonaroja.com.mx\/index.php?rest_route=%2Fwp%2Fv2%2Ftags&post=72966"}],"curies":[{"name":"wp","href":"https:\/\/api.w.org\/{rel}","templated":true}]}}