{"id":7297,"date":"2020-01-04T14:56:28","date_gmt":"2020-01-04T20:56:28","guid":{"rendered":"http:\/\/www.zonaroja.com.mx\/?p=7297"},"modified":"2020-01-04T15:19:06","modified_gmt":"2020-01-04T21:19:06","slug":"en-tuxtepec-violencia-imparable-un-asesinado-y-tres-heridos-tras-asalto","status":"publish","type":"post","link":"https:\/\/zonaroja.com.mx\/?p=7297","title":{"rendered":"En Tuxtepec violencia imparable: dos asesinados y tres heridos en asalto"},"content":{"rendered":"\n<p>Redacci\u00f3n\/Zona\nRoja.<\/p>\n\n\n\n<p>Oaxaca de Ju\u00e1rez, Oax., 4 de enero de 2020.- Dos presuntos delincuentes asesinados y tres empleados lesionados por disparos de arma de fuego es el saldo preliminar de un intento de asalto en la tienda Coppel ubicada en San Juan Bautista Tuxtepec, Oaxaca.<\/p>\n\n\n\n<p>Los\nhechos sucedieron poco despu\u00e9s del mediod\u00eda en la tienda departamental ubicada\nen la calle Matamoros, entre las avenidas Libertad y 5 de Mayo, colonia Centro.<\/p>\n\n\n\n<p>Presuntamente integrantes de un grupo armado intentaban asaltar un cami\u00f3n blindado de transporte de valores, que acud\u00eda a la tienda, cuando ocurri\u00f3 el tiroteo, al tratar de impedirse el atraco.<\/p>\n\n\n\n<p>Los probables delincuentes huyeron y en la unidad viajaban las personas que posteriormente fallecieron, mientras que la Cruz Roja Mexicana brind\u00f3 la atenci\u00f3n a los lesionados de la tienda Coppel.<\/p>\n\n\n\n<p>Tras ello hubo una persecuci\u00f3n por parte de corporaciones policiacas, en que habr\u00edan hallado la camioneta en que se transportaban los asaltantes, mas no hallaron a los presuntos delincuentes. En tanto, de las v\u00edctimas no se tienen mayores detalles.<\/p>\n","protected":false},"excerpt":{"rendered":"<p>Redacci\u00f3n\/Zona Roja. Oaxaca de Ju\u00e1rez, Oax., 4 de enero de 2020.- Dos presuntos delincuentes asesinados&hellip;<\/p>\n","protected":false},"author":2,"featured_media":7298,"comment_status":"closed","ping_status":"open","sticky":false,"template":"","format":"standard","meta":{"_lmt_disableupdate":"","_lmt_disable":"","_jetpack_memberships_contains_paid_content":false,"footnotes":""},"categories":[109,51],"tags":[118],"class_list":["post-7297","post","type-post","status-publish","format-standard","has-post-thumbnail","hentry","category-minuto-a-minuto","category-zona-roja","tag-san-juan-bautista-tuxtepec"],"jetpack_featured_media_url":"https:\/\/zonaroja.com.mx\/wp-content\/uploads\/2020\/01\/Asalto-Tuxtepec.jpg","jetpack_sharing_enabled":true,"_links":{"self":[{"href":"https:\/\/zonaroja.com.mx\/index.php?rest_route=\/wp\/v2\/posts\/7297","targetHints":{"allow":["GET"]}}],"collection":[{"href":"https:\/\/zonaroja.com.mx\/index.php?rest_route=\/wp\/v2\/posts"}],"about":[{"href":"https:\/\/zonaroja.com.mx\/index.php?rest_route=\/wp\/v2\/types\/post"}],"author":[{"embeddable":true,"href":"https:\/\/zonaroja.com.mx\/index.php?rest_route=\/wp\/v2\/users\/2"}],"replies":[{"embeddable":true,"href":"https:\/\/zonaroja.com.mx\/index.php?rest_route=%2Fwp%2Fv2%2Fcomments&post=7297"}],"version-history":[{"count":2,"href":"https:\/\/zonaroja.com.mx\/index.php?rest_route=\/wp\/v2\/posts\/7297\/revisions"}],"predecessor-version":[{"id":7303,"href":"https:\/\/zonaroja.com.mx\/index.php?rest_route=\/wp\/v2\/posts\/7297\/revisions\/7303"}],"wp:featuredmedia":[{"embeddable":true,"href":"https:\/\/zonaroja.com.mx\/index.php?rest_route=\/wp\/v2\/media\/7298"}],"wp:attachment":[{"href":"https:\/\/zonaroja.com.mx\/index.php?rest_route=%2Fwp%2Fv2%2Fmedia&parent=7297"}],"wp:term":[{"taxonomy":"category","embeddable":true,"href":"https:\/\/zonaroja.com.mx\/index.php?rest_route=%2Fwp%2Fv2%2Fcategories&post=7297"},{"taxonomy":"post_tag","embeddable":true,"href":"https:\/\/zonaroja.com.mx\/index.php?rest_route=%2Fwp%2Fv2%2Ftags&post=7297"}],"curies":[{"name":"wp","href":"https:\/\/api.w.org\/{rel}","templated":true}]}}