{"id":72972,"date":"2024-09-30T11:50:00","date_gmt":"2024-09-30T17:50:00","guid":{"rendered":"https:\/\/zonaroja.com.mx\/?p=72972"},"modified":"2024-09-30T09:51:13","modified_gmt":"2024-09-30T15:51:13","slug":"opinion-poner-orden-en-ayotzinapa","status":"publish","type":"post","link":"https:\/\/zonaroja.com.mx\/?p=72972","title":{"rendered":"Opini\u00f3n. Poner orden en Ayotzinapa"},"content":{"rendered":"\n<p>Diego Enrique Osorno*<\/p>\n\n\n\n<p>\u201cPor fin se pone orden\u201d, sentenciaban las ocho columnas del Diario de Guerrero. El sumario de la noticia del 27 de septiembre de 2014 expon\u00eda con t\u00e9trica claridad un estigma criminalizante sembrado con esmero institucional y delataba una participaci\u00f3n castrense que hay quienes 10 a\u00f1os despu\u00e9s insisten en negar: \u201cLa acci\u00f3n de la Fuerza Estatal y Militares (sic) para evitar que v\u00e1ndalos de Ayotzinapa robaran autobuses fue motivo de aplauso p\u00fablico\u201d.<\/p>\n\n\n\n<p>Una semana despu\u00e9s de aquella noche infausta, m\u00e1s de 20 cuerpos enterrados de forma clandestina eran descubiertos en fosas comunes de los alrededores de Iguala por familiares, activistas y peritos buscando a 43 j\u00f3venes de entre 16 y 20 a\u00f1os de edad. Buscar, desde entonces, se volvi\u00f3 el verbo de la tragedia mexicana contempor\u00e1nea.<\/p>\n\n\n\n<p>La desaparici\u00f3n de los estudiantes de Ayotzinapa estuvo enmarcada por un clima de odio generado en contra de una escuela que desde el gobierno de Ernesto Zedillo hasta el de Enrique Pe\u00f1a Nieto se hab\u00eda intentado desaparecer. \u00bfPor qu\u00e9 tanta sa\u00f1a?, \u00bfacaso porque sus alumnos eran j\u00f3venes de origen humilde, interesados en los problemas pol\u00edticos de su entorno?, \u00bfese era el costo de ser estudiantes informados, idealistas y consecuentes?<\/p>\n\n\n\n<p>\u201cAyotzinapa es una escuela de luchadores sociales\u201d, me dijo en tono despectivo un legislador que apoyaba la \u201creforma educativa\u201d que en 2013 \u2014un a\u00f1o antes de la tr\u00e1gica noche de Iguala\u2014 buscaba desaparecer a Ayotzinapa y a todas las escuelas normales rurales.<\/p>\n\n\n\n<p>S\u00ed, Ayotzinapa es una escuela de luchadores sociales, y los reg\u00edmenes autoritarios no saben encarar de manera democr\u00e1tica a quienes desde una trinchera independiente buscan la verdad y la justicia sepultadas&#8230; Por eso buscar es ahora tambi\u00e9n un verbo de la resistencia mexicana.<\/p>\n\n\n\n<p>Desde hace 10 a\u00f1os sabemos con certeza que estos j\u00f3venes pobres y de izquierda, en su mayor\u00eda hijos de campesinos, fueron detenidos por un grupo de polic\u00edas en una ciudad donde operaba el mentado esquema oficial del Mando \u00danico, bajo el cual Ej\u00e9rcito, polic\u00eda federal, estatal y municipal actuaban de manera coordinada.<\/p>\n\n\n\n<p>Y sabemos, sobre todo, que las causas y los responsables de la desaparici\u00f3n est\u00e1n en el Estado, donde se ha alentado y permitido que en Guerrero y otras entidades opere el Ej\u00e9rcito extralegalmente contra luchadores sociales, apoyado por cuerpos policiales asociados al narco y erigidos en aut\u00e9nticas fuerzas criminales que a\u00fan hoy \u201cimponen orden\u201d.<\/p>\n\n\n\n<p>*Escritor y periodista.<\/p>\n\n\n\n<p>@DiegoEOsorno<\/p>\n","protected":false},"excerpt":{"rendered":"<p>Diego Enrique Osorno* \u201cPor fin se pone orden\u201d, sentenciaban las ocho columnas del Diario de&hellip;<\/p>\n","protected":false},"author":2,"featured_media":67760,"comment_status":"closed","ping_status":"open","sticky":false,"template":"","format":"standard","meta":{"_lmt_disableupdate":"","_lmt_disable":"","_jetpack_memberships_contains_paid_content":false,"footnotes":""},"categories":[456,109],"tags":[3020],"class_list":["post-72972","post","type-post","status-publish","format-standard","has-post-thumbnail","hentry","category-columna","category-minuto-a-minuto","tag-diego-enrique-osorno"],"jetpack_featured_media_url":"https:\/\/zonaroja.com.mx\/wp-content\/uploads\/2024\/04\/Diego-Enrique-Osorno.jpeg","jetpack_sharing_enabled":true,"_links":{"self":[{"href":"https:\/\/zonaroja.com.mx\/index.php?rest_route=\/wp\/v2\/posts\/72972","targetHints":{"allow":["GET"]}}],"collection":[{"href":"https:\/\/zonaroja.com.mx\/index.php?rest_route=\/wp\/v2\/posts"}],"about":[{"href":"https:\/\/zonaroja.com.mx\/index.php?rest_route=\/wp\/v2\/types\/post"}],"author":[{"embeddable":true,"href":"https:\/\/zonaroja.com.mx\/index.php?rest_route=\/wp\/v2\/users\/2"}],"replies":[{"embeddable":true,"href":"https:\/\/zonaroja.com.mx\/index.php?rest_route=%2Fwp%2Fv2%2Fcomments&post=72972"}],"version-history":[{"count":1,"href":"https:\/\/zonaroja.com.mx\/index.php?rest_route=\/wp\/v2\/posts\/72972\/revisions"}],"predecessor-version":[{"id":72973,"href":"https:\/\/zonaroja.com.mx\/index.php?rest_route=\/wp\/v2\/posts\/72972\/revisions\/72973"}],"wp:featuredmedia":[{"embeddable":true,"href":"https:\/\/zonaroja.com.mx\/index.php?rest_route=\/wp\/v2\/media\/67760"}],"wp:attachment":[{"href":"https:\/\/zonaroja.com.mx\/index.php?rest_route=%2Fwp%2Fv2%2Fmedia&parent=72972"}],"wp:term":[{"taxonomy":"category","embeddable":true,"href":"https:\/\/zonaroja.com.mx\/index.php?rest_route=%2Fwp%2Fv2%2Fcategories&post=72972"},{"taxonomy":"post_tag","embeddable":true,"href":"https:\/\/zonaroja.com.mx\/index.php?rest_route=%2Fwp%2Fv2%2Ftags&post=72972"}],"curies":[{"name":"wp","href":"https:\/\/api.w.org\/{rel}","templated":true}]}}