{"id":72975,"date":"2024-09-30T14:55:28","date_gmt":"2024-09-30T20:55:28","guid":{"rendered":"https:\/\/zonaroja.com.mx\/?p=72975"},"modified":"2024-09-30T14:55:28","modified_gmt":"2024-09-30T20:55:28","slug":"acepta-poder-judicial-que-autorizo-salida-de-prision-de-ex-funcionario-de-murat","status":"publish","type":"post","link":"https:\/\/zonaroja.com.mx\/?p=72975","title":{"rendered":"Acepta Poder Judicial que autoriz\u00f3 salida de prisi\u00f3n de ex funcionario de Murat&nbsp;"},"content":{"rendered":"\n<p>Ismael Garc\u00eda M.\/Zona Roja.&nbsp;<\/p>\n\n\n\n<p>Oaxaca de Ju\u00e1rez, Oax., a 30 de septiembre de 2024.- El Poder Judicial de Oaxaca confirm\u00f3 que Javier Lazcano, quien fuera secretario de las Infraestructuras en el gobierno del priista Alejandro Murat, fue liberado de prisi\u00f3n.&nbsp;<\/p>\n\n\n\n<p>La presidenta del \u00f3rgano, Berenice Ram\u00edrez Jim\u00e9nez, en entrevista colectiva intent\u00f3 justificar el cambio de medida cautelar decretada la noche del s\u00e1bado, como un derecho ciudadano.&nbsp;<\/p>\n\n\n\n<p>-\u00bfFue \u201csabadazo\u201d como dice el Presidente L\u00f3pez Obrador?&nbsp;<\/p>\n\n\n\n<p>-No es un \u201csabadazo\u201d, no, sino al contrario, es un derecho que todos tienen de solicitar el cambio de una medida.<\/p>\n\n\n\n<p>Sin embargo, la primera presidenta del Poder Judicial se neg\u00f3 a revelar en qu\u00e9 se bas\u00f3 el juez para autorizar dicho beneficio.&nbsp;<\/p>\n\n\n\n<p>\u201cEsas son cuestiones muy sensibles de las cuales yo no soy quien deba decir, pero no hay riesgo de fuga\u201d, justific\u00f3 Ram\u00edrez Jim\u00e9nez.&nbsp;<\/p>\n\n\n\n<p>Insisti\u00f3 en la entrevista que la prisi\u00f3n domiciliaria es un derecho que puede solicitar cualquier persona privada de su libertad; en el caso de Javier Lazcano, portar\u00e1 un brazalete para estar localizable todo el tiempo.<\/p>\n\n\n\n<p>El ex funcionario fue aprehendido en noviembre del a\u00f1o pasado por la Fiscal\u00eda General del Estado, bajo el delito de ejercicio indebido de atribuciones y facultades. <\/p>\n\n\n\n<p>Ello al autorizar pagos indebidos a una empresa constructora por las obras de rehabilitaci\u00f3n de la avenida S\u00edmbolos Patrios, en la zona sur de la capital oaxaque\u00f1a, tras lo cual fue internado en el reclusorio de Tanivet, Tlacolula, de donde fue liberado la noche del s\u00e1bado. <\/p>\n","protected":false},"excerpt":{"rendered":"<p>Ismael Garc\u00eda M.\/Zona Roja.&nbsp; Oaxaca de Ju\u00e1rez, Oax., a 30 de septiembre de 2024.- El&hellip;<\/p>\n","protected":false},"author":2,"featured_media":72974,"comment_status":"closed","ping_status":"open","sticky":false,"template":"","format":"standard","meta":{"_lmt_disableupdate":"","_lmt_disable":"","_jetpack_memberships_contains_paid_content":false,"footnotes":""},"categories":[109,47],"tags":[],"class_list":["post-72975","post","type-post","status-publish","format-standard","has-post-thumbnail","hentry","category-minuto-a-minuto","category-zona-gris"],"jetpack_featured_media_url":"https:\/\/zonaroja.com.mx\/wp-content\/uploads\/2024\/09\/img_3752-1.jpg","jetpack_sharing_enabled":true,"_links":{"self":[{"href":"https:\/\/zonaroja.com.mx\/index.php?rest_route=\/wp\/v2\/posts\/72975","targetHints":{"allow":["GET"]}}],"collection":[{"href":"https:\/\/zonaroja.com.mx\/index.php?rest_route=\/wp\/v2\/posts"}],"about":[{"href":"https:\/\/zonaroja.com.mx\/index.php?rest_route=\/wp\/v2\/types\/post"}],"author":[{"embeddable":true,"href":"https:\/\/zonaroja.com.mx\/index.php?rest_route=\/wp\/v2\/users\/2"}],"replies":[{"embeddable":true,"href":"https:\/\/zonaroja.com.mx\/index.php?rest_route=%2Fwp%2Fv2%2Fcomments&post=72975"}],"version-history":[{"count":1,"href":"https:\/\/zonaroja.com.mx\/index.php?rest_route=\/wp\/v2\/posts\/72975\/revisions"}],"predecessor-version":[{"id":72976,"href":"https:\/\/zonaroja.com.mx\/index.php?rest_route=\/wp\/v2\/posts\/72975\/revisions\/72976"}],"wp:featuredmedia":[{"embeddable":true,"href":"https:\/\/zonaroja.com.mx\/index.php?rest_route=\/wp\/v2\/media\/72974"}],"wp:attachment":[{"href":"https:\/\/zonaroja.com.mx\/index.php?rest_route=%2Fwp%2Fv2%2Fmedia&parent=72975"}],"wp:term":[{"taxonomy":"category","embeddable":true,"href":"https:\/\/zonaroja.com.mx\/index.php?rest_route=%2Fwp%2Fv2%2Fcategories&post=72975"},{"taxonomy":"post_tag","embeddable":true,"href":"https:\/\/zonaroja.com.mx\/index.php?rest_route=%2Fwp%2Fv2%2Ftags&post=72975"}],"curies":[{"name":"wp","href":"https:\/\/api.w.org\/{rel}","templated":true}]}}