{"id":72977,"date":"2024-09-30T18:16:36","date_gmt":"2024-10-01T00:16:36","guid":{"rendered":"https:\/\/zonaroja.com.mx\/?p=72977"},"modified":"2024-09-30T18:16:38","modified_gmt":"2024-10-01T00:16:38","slug":"habilita-gobierno-de-oaxaca-30-carreteras-afectadas-por-el-huracan-john","status":"publish","type":"post","link":"https:\/\/zonaroja.com.mx\/?p=72977","title":{"rendered":"Habilita gobierno de Oaxaca 30 carreteras afectadas por el hurac\u00e1n \u201cJohn\u201d"},"content":{"rendered":"\n<p>Redacci\u00f3n\/Zona Roja.&nbsp;<\/p>\n\n\n\n<p>Oaxaca de Ju\u00e1rez, Oax. 30 de septiembre de 2024.- El Consejo Estatal de Protecci\u00f3n Civil dio a conocer que, a trav\u00e9s de la Secretar\u00eda de Infraestructuras y Comunicaciones, habilit\u00f3 30 v\u00edas de comunicaci\u00f3n terrestres que resultaron afectadas por el paso del hurac\u00e1n \u201cJohn\u201d, para permitir la movilidad de las personas y la circulaci\u00f3n de servicios hacia las comunidades.<\/p>\n\n\n\n<p>Del total de atenciones, 24 corresponden a la regi\u00f3n Costa: ocho en San Mateo Pi\u00f1as; tres en Santiago Pinotepa Nacional; dos en San Gabriel Mixtepec, San Pedro Pochutla, Santa Mar\u00eda Colotepec y Santiago Jamiltepec, respectivamente; uno en San Pedro Juchatengo, Santa Mar\u00eda Huatulco y Villa de Tututepec de Melchor Ocampo; igual n\u00famero en los l\u00edmites de San Francisco Cahuacu\u00e1 y Santa Catarina Juquila.<\/p>\n\n\n\n<p>En la regi\u00f3n Sierra Sur fueron cuatro tramos que se encuentran en San Miguel Suchixtepec, Santa Catarina Juquila, Santiago Textitl\u00e1n y Santo Domingo Teojomulco. Mientras que, en la Mixteca se trabajaron dos en los municipios Heroica Ciudad de Tlaxiaco y Santiago Juxtlahuaca.<\/p>\n\n\n\n<p>Las labores que se efectuaron consistieron en el retiro de piedras, lodo y \u00e1rboles por derrumbes y deslaves. En estas acciones tambi\u00e9n particip\u00f3 Caminos Bienestar (Cabien) con maquinaria pesada como retroexcavadoras, volteos, payloaders, entre otras.<\/p>\n\n\n\n<p>Por otra parte, a trav\u00e9s de la Polic\u00eda Vial Estatal, inform\u00f3 que en la Ruta de la Fe, carretera 131 Oaxaca-Puerto Escondido, en el kil\u00f3metro 59+200, a la altura del paraje \u201cEl Clar\u00edn\u201d, se habilit\u00f3 un carril para el paso vehicular ante un derrumbe que se registr\u00f3 en el lugar.<\/p>\n\n\n\n<p>Por lo que la corporaci\u00f3n policial realiz\u00f3 la se\u00f1alizaci\u00f3n de la zona para prevenir a quienes transitan por el lugar lo hagan con precauci\u00f3n y se evite alg\u00fan accidente.<\/p>\n\n\n\n<p>Los elementos brindan informaci\u00f3n a las personas conductoras sobre estos hechos.<\/p>\n\n\n\n<p>Este auxilio se deriv\u00f3 en atenci\u00f3n al reporte ciudadano que se hizo al n\u00famero 9-1-1 en el que se inform\u00f3 de un derrumbe en este tramo de la carretera 131, Ruta de la Fe, por lo que se aplic\u00f3 el plan de Atenci\u00f3n Vial de Emergencia (AVE).<\/p>\n\n\n\n<p>Asisten dos elementos de la Polic\u00eda Vial Estatal y una patrulla.<\/p>\n","protected":false},"excerpt":{"rendered":"<p>Redacci\u00f3n\/Zona Roja.&nbsp; Oaxaca de Ju\u00e1rez, Oax. 30 de septiembre de 2024.- El Consejo Estatal de&hellip;<\/p>\n","protected":false},"author":2,"featured_media":72978,"comment_status":"closed","ping_status":"open","sticky":false,"template":"","format":"standard","meta":{"_lmt_disableupdate":"","_lmt_disable":"","_jetpack_memberships_contains_paid_content":false,"footnotes":""},"categories":[109,46],"tags":[939],"class_list":["post-72977","post","type-post","status-publish","format-standard","has-post-thumbnail","hentry","category-minuto-a-minuto","category-zona-blanca","tag-salomon-jara-cruz"],"jetpack_featured_media_url":"https:\/\/zonaroja.com.mx\/wp-content\/uploads\/2024\/09\/Habilita-Gobierno-de-Oaxaca-30-vias-de-comunicacion-terrestres-afectadas-por-huracan-Jonh-2.jpeg","jetpack_sharing_enabled":true,"_links":{"self":[{"href":"https:\/\/zonaroja.com.mx\/index.php?rest_route=\/wp\/v2\/posts\/72977","targetHints":{"allow":["GET"]}}],"collection":[{"href":"https:\/\/zonaroja.com.mx\/index.php?rest_route=\/wp\/v2\/posts"}],"about":[{"href":"https:\/\/zonaroja.com.mx\/index.php?rest_route=\/wp\/v2\/types\/post"}],"author":[{"embeddable":true,"href":"https:\/\/zonaroja.com.mx\/index.php?rest_route=\/wp\/v2\/users\/2"}],"replies":[{"embeddable":true,"href":"https:\/\/zonaroja.com.mx\/index.php?rest_route=%2Fwp%2Fv2%2Fcomments&post=72977"}],"version-history":[{"count":1,"href":"https:\/\/zonaroja.com.mx\/index.php?rest_route=\/wp\/v2\/posts\/72977\/revisions"}],"predecessor-version":[{"id":72979,"href":"https:\/\/zonaroja.com.mx\/index.php?rest_route=\/wp\/v2\/posts\/72977\/revisions\/72979"}],"wp:featuredmedia":[{"embeddable":true,"href":"https:\/\/zonaroja.com.mx\/index.php?rest_route=\/wp\/v2\/media\/72978"}],"wp:attachment":[{"href":"https:\/\/zonaroja.com.mx\/index.php?rest_route=%2Fwp%2Fv2%2Fmedia&parent=72977"}],"wp:term":[{"taxonomy":"category","embeddable":true,"href":"https:\/\/zonaroja.com.mx\/index.php?rest_route=%2Fwp%2Fv2%2Fcategories&post=72977"},{"taxonomy":"post_tag","embeddable":true,"href":"https:\/\/zonaroja.com.mx\/index.php?rest_route=%2Fwp%2Fv2%2Ftags&post=72977"}],"curies":[{"name":"wp","href":"https:\/\/api.w.org\/{rel}","templated":true}]}}