{"id":72986,"date":"2024-09-30T22:18:40","date_gmt":"2024-10-01T04:18:40","guid":{"rendered":"https:\/\/zonaroja.com.mx\/?p=72986"},"modified":"2024-09-30T22:18:42","modified_gmt":"2024-10-01T04:18:42","slug":"con-dos-conflictos-educativos-inicia-la-semana-en-oaxaca","status":"publish","type":"post","link":"https:\/\/zonaroja.com.mx\/?p=72986","title":{"rendered":"Con dos conflictos educativos inicia la semana en Oaxaca"},"content":{"rendered":"\n<p>Raymundo Morales\/Zona Roja.<\/p>\n\n\n\n<p>Oaxaca de Ju\u00e1rez, Oax., a 30 de septiembre de 2024.- Los conflictos en el \u00e1rea educativa no cesan y este lunes se registraron dos protestas, con bloqueo de vialidades.<\/p>\n\n\n\n<p>Esta noche, se mantiene el cierre de la segunda calle de Armenta y L\u00f3pez del centro de la ciudad de Oaxaca, as\u00ed como el bloqueo de la sede del comit\u00e9 ejecutivo de la Secci\u00f3n 22 del Sindicato Nacional de Trabajadores de la Educaci\u00f3n.&nbsp;<\/p>\n\n\n\n<p>Es por parte de profesores de la Escuela Secundaria T\u00e9cnica n\u00famero 136, con sede en San Gabriel Mixtepec, municipio de la regi\u00f3n Costa, quienes demandan el pago de horas-clase pendientes.<\/p>\n\n\n\n<p>Aunque se trata de un reducido grupo de docentes, mantuvieron bloqueada dicha vialidad todo el d\u00eda, sin que el Instituto Estatal de Educaci\u00f3n P\u00fablica de Oaxaca o la dirigencia magisterial les brindara atenci\u00f3n.<\/p>\n\n\n\n<p>Por otra parte, en la carretera Trans\u00edstmica, que comunica a la regi\u00f3n del Istmo de Oaxaca con la Cuenca y el estado de Veracruz, fue cerrado por parte de pobladores de San Juan Guichicovi.<\/p>\n\n\n\n<p>Se trata de padres de familia con hijos en la Escuela Secundaria T\u00e9cnica n\u00famero 101, que cerraron la v\u00eda federal a la altura del kil\u00f3metro 180, crucero a la localidad de Estaci\u00f3n Mogo\u00f1\u00e9.<\/p>\n\n\n\n<p>Lo anterior con la finalidad de exigir al IEEPO personal docente as\u00ed como el cambio del supervisor escolar de la zona 20, con sede en Palomares, Mat\u00edas Romero.<\/p>\n\n\n\n<p>Pero en lugar de escuchar y atender la demanda, el titular del Instituto, Emilio Montero P\u00e9rez, emiti\u00f3 un comunicado en que acus\u00f3 a una funcionaria municipal de azuzar el conflicto.<\/p>\n\n\n\n<p>\u201cSe ha iniciado procedimiento de responsabilidad penal y administrativa a la C. Yenise A. M. E., por no pedir licencia a ocupar el cargo de regidora en el ayuntamiento de San Juan Guichicovi, por lo que se configura el delito de fraude al Estado. Si\u00e9ndooslas persona que genera divisi\u00f3n en la instituci\u00f3n educativa en conflicto\u201d, difundi\u00f3.<\/p>\n","protected":false},"excerpt":{"rendered":"<p>Raymundo Morales\/Zona Roja. Oaxaca de Ju\u00e1rez, Oax., a 30 de septiembre de 2024.- Los conflictos&hellip;<\/p>\n","protected":false},"author":2,"featured_media":72987,"comment_status":"closed","ping_status":"open","sticky":false,"template":"","format":"standard","meta":{"_lmt_disableupdate":"","_lmt_disable":"","_jetpack_memberships_contains_paid_content":false,"footnotes":""},"categories":[109,47],"tags":[2765],"class_list":["post-72986","post","type-post","status-publish","format-standard","has-post-thumbnail","hentry","category-minuto-a-minuto","category-zona-gris","tag-mogone-san-juan-guichicovi"],"jetpack_featured_media_url":"https:\/\/zonaroja.com.mx\/wp-content\/uploads\/2024\/09\/Bloqueo-padres-Guhcicovi.jpg","jetpack_sharing_enabled":true,"_links":{"self":[{"href":"https:\/\/zonaroja.com.mx\/index.php?rest_route=\/wp\/v2\/posts\/72986","targetHints":{"allow":["GET"]}}],"collection":[{"href":"https:\/\/zonaroja.com.mx\/index.php?rest_route=\/wp\/v2\/posts"}],"about":[{"href":"https:\/\/zonaroja.com.mx\/index.php?rest_route=\/wp\/v2\/types\/post"}],"author":[{"embeddable":true,"href":"https:\/\/zonaroja.com.mx\/index.php?rest_route=\/wp\/v2\/users\/2"}],"replies":[{"embeddable":true,"href":"https:\/\/zonaroja.com.mx\/index.php?rest_route=%2Fwp%2Fv2%2Fcomments&post=72986"}],"version-history":[{"count":1,"href":"https:\/\/zonaroja.com.mx\/index.php?rest_route=\/wp\/v2\/posts\/72986\/revisions"}],"predecessor-version":[{"id":72988,"href":"https:\/\/zonaroja.com.mx\/index.php?rest_route=\/wp\/v2\/posts\/72986\/revisions\/72988"}],"wp:featuredmedia":[{"embeddable":true,"href":"https:\/\/zonaroja.com.mx\/index.php?rest_route=\/wp\/v2\/media\/72987"}],"wp:attachment":[{"href":"https:\/\/zonaroja.com.mx\/index.php?rest_route=%2Fwp%2Fv2%2Fmedia&parent=72986"}],"wp:term":[{"taxonomy":"category","embeddable":true,"href":"https:\/\/zonaroja.com.mx\/index.php?rest_route=%2Fwp%2Fv2%2Fcategories&post=72986"},{"taxonomy":"post_tag","embeddable":true,"href":"https:\/\/zonaroja.com.mx\/index.php?rest_route=%2Fwp%2Fv2%2Ftags&post=72986"}],"curies":[{"name":"wp","href":"https:\/\/api.w.org\/{rel}","templated":true}]}}