{"id":72994,"date":"2024-10-01T07:13:29","date_gmt":"2024-10-01T13:13:29","guid":{"rendered":"https:\/\/zonaroja.com.mx\/?p=72994"},"modified":"2024-10-01T07:13:30","modified_gmt":"2024-10-01T13:13:30","slug":"desidia-en-poder-judicial-impidio-orden-de-aprehension-en-caso-isidra-torres","status":"publish","type":"post","link":"https:\/\/zonaroja.com.mx\/?p=72994","title":{"rendered":"Desidia en Poder Judicial impidi\u00f3 orden de aprehensi\u00f3n en caso Isidra Torres"},"content":{"rendered":"\n<p>Raymundo Morales\/Zona Roja.<\/p>\n\n\n\n<p>Oaxaca de Ju\u00e1rez, Oax., a 1 de octubre de 2024.- La desidia y desd\u00e9n del Poder Judicial de Oaxaca impidi\u00f3 la ejecuci\u00f3n de una orden de aprehensi\u00f3n en contra del due\u00f1o de los perros de raza Pitbull, que atacaron a la corredora Isidra Torres, quien casi un mes despu\u00e9s perdi\u00f3 la vida.<\/p>\n\n\n\n<p>As\u00ed lo denunciaron ayer durante la protesta efectuada en la capital del estado, para exigir justicia a favor de la mujer que fue agredida el pasado 1 de septiembre en la localidad de San Francisco Tutla.<\/p>\n\n\n\n<p>Tras la manifestaci\u00f3n, una representaci\u00f3n fue recibida en el Palacio de Gobierno, con la presencia de funcionarios de la Fiscal\u00eda General del Estado de Oaxaca (FGEO), que se comprometieron a dar seguimiento al caso.<\/p>\n\n\n\n<p>Por su parte, la instituci\u00f3n de procuraci\u00f3n de justicia inform\u00f3 que brinda acompa\u00f1amiento integral y puntual a v\u00edctimas para evitar impunidad en caso de mujer que falleci\u00f3 derivado de agresi\u00f3n de perros.<\/p>\n\n\n\n<p>Para ello, indic\u00f3 que las v\u00edctimas indirectas han sostenido reuniones de trabajo e informativas, para conocer los avances en el caso, en la que participa personal de la Vicefiscal\u00eda de los Valles Centrales.<\/p>\n\n\n\n<p>\u201cLuego de solicitar la reclasificaci\u00f3n del delito, que pasa de lesiones culposas a homicidio culposo, la FGEO trabaja intensamente para sostener la teor\u00eda del caso de cara a la audiencia prevista para los pr\u00f3ximos d\u00edas\u201d, destac\u00f3 en un comunicado.<\/p>\n\n\n\n<p>Apunt\u00f3 que luego de la judicializaci\u00f3n del caso, emplea todas las herramientas legales con las que cuenta, con base en el C\u00f3digo Penal vigente para el estado de Oaxaca, a fin de agotar las opciones con el objetivo de que las v\u00edctimas tengan pleno acceso a la justicia.<\/p>\n\n\n\n<p>Los hechos ocurrieron el 01 de septiembre de 2024, mientras la v\u00edctima caminaba por la Tercera Privada de Surcos Largos de San Francisco Tutla, perteneciente al Municipio de Santa Luc\u00eda del Camino, cuando fue atacada por unos perros -propiedad de un vecino-, los cuales ocasionaron diversas lesiones en diferentes partes del cuerpo de la v\u00edctima, quien qued\u00f3 internada para su atenci\u00f3n m\u00e9dica.<\/p>\n\n\n\n<p>\u201cLa Fiscal\u00eda General de Oaxaca reitera su compromiso de brindar acompa\u00f1amiento a las v\u00edctimas directas e indirectas para que logren una reparaci\u00f3n integral del da\u00f1o, pues es prioridad del organismo procurador de justicia la protecci\u00f3n de los derechos de las v\u00edctimas, por lo que realizar\u00e1 todas las acciones necesarias para que no haya impunidad en este caso\u201d, reiter\u00f3 la instituci\u00f3n que encabeza Bernardo Rodr\u00edguez Alamilla.<\/p>\n","protected":false},"excerpt":{"rendered":"<p>Raymundo Morales\/Zona Roja. Oaxaca de Ju\u00e1rez, Oax., a 1 de octubre de 2024.- La desidia&hellip;<\/p>\n","protected":false},"author":2,"featured_media":72995,"comment_status":"closed","ping_status":"open","sticky":false,"template":"","format":"standard","meta":{"_lmt_disableupdate":"","_lmt_disable":"","_jetpack_memberships_contains_paid_content":false,"footnotes":""},"categories":[109,47],"tags":[4059],"class_list":["post-72994","post","type-post","status-publish","format-standard","has-post-thumbnail","hentry","category-minuto-a-minuto","category-zona-gris","tag-isidra-torres-hernandez"],"jetpack_featured_media_url":"https:\/\/zonaroja.com.mx\/wp-content\/uploads\/2024\/10\/Marcha-por-Isidra-Torres.jpg","jetpack_sharing_enabled":true,"_links":{"self":[{"href":"https:\/\/zonaroja.com.mx\/index.php?rest_route=\/wp\/v2\/posts\/72994","targetHints":{"allow":["GET"]}}],"collection":[{"href":"https:\/\/zonaroja.com.mx\/index.php?rest_route=\/wp\/v2\/posts"}],"about":[{"href":"https:\/\/zonaroja.com.mx\/index.php?rest_route=\/wp\/v2\/types\/post"}],"author":[{"embeddable":true,"href":"https:\/\/zonaroja.com.mx\/index.php?rest_route=\/wp\/v2\/users\/2"}],"replies":[{"embeddable":true,"href":"https:\/\/zonaroja.com.mx\/index.php?rest_route=%2Fwp%2Fv2%2Fcomments&post=72994"}],"version-history":[{"count":1,"href":"https:\/\/zonaroja.com.mx\/index.php?rest_route=\/wp\/v2\/posts\/72994\/revisions"}],"predecessor-version":[{"id":72996,"href":"https:\/\/zonaroja.com.mx\/index.php?rest_route=\/wp\/v2\/posts\/72994\/revisions\/72996"}],"wp:featuredmedia":[{"embeddable":true,"href":"https:\/\/zonaroja.com.mx\/index.php?rest_route=\/wp\/v2\/media\/72995"}],"wp:attachment":[{"href":"https:\/\/zonaroja.com.mx\/index.php?rest_route=%2Fwp%2Fv2%2Fmedia&parent=72994"}],"wp:term":[{"taxonomy":"category","embeddable":true,"href":"https:\/\/zonaroja.com.mx\/index.php?rest_route=%2Fwp%2Fv2%2Fcategories&post=72994"},{"taxonomy":"post_tag","embeddable":true,"href":"https:\/\/zonaroja.com.mx\/index.php?rest_route=%2Fwp%2Fv2%2Ftags&post=72994"}],"curies":[{"name":"wp","href":"https:\/\/api.w.org\/{rel}","templated":true}]}}