{"id":72997,"date":"2024-10-01T09:13:00","date_gmt":"2024-10-01T15:13:00","guid":{"rendered":"https:\/\/zonaroja.com.mx\/?p=72997"},"modified":"2024-10-01T07:48:53","modified_gmt":"2024-10-01T13:48:53","slug":"asesinan-a-taxista-en-pochutla-un-baleado-en-salina-cruz","status":"publish","type":"post","link":"https:\/\/zonaroja.com.mx\/?p=72997","title":{"rendered":"Asesinan a taxista en Pochutla; un baleado en Salina Cruz"},"content":{"rendered":"\n<p>Raymundo Morales\/Zona Roja.<\/p>\n\n\n\n<p>Oaxaca de Ju\u00e1rez, Oax., a 1 de octubre de 2024.- Una persona del sexo masculino fue asesinada anoche en el interior de un taxi que conduc\u00eda, en el centro de San Pedro Pochutla, municipio de la regi\u00f3n Costa de Oaxaca.<\/p>\n\n\n\n<p>Fue cerca del Instituto Tecnol\u00f3gico en que acribillaron al ruletero, a\u00fan no identificado, que conduc\u00eda la unidad del sitio \u201c12 de Agosto\u201d, con n\u00famero econ\u00f3mico 09-578.<\/p>\n\n\n\n<p>Pese a que el crimen se perpetro en la cabecera municipal, no hab\u00eda polic\u00edas municipales en la zona para buscar al o los agresores. La Vicefiscal\u00eda Regional de la Costa inici\u00f3 las indagatorias correspondientes.<\/p>\n\n\n\n<p>Por otra parte, anoche en Salina Cruz se registr\u00f3 un ataque armado, en jurisdicci\u00f3n de la colonia La Soledad, en contra de un individuo que transitaba por la avenida Bah\u00eda La Ventosa.<\/p>\n\n\n\n<p>Corporaciones policiacas hallaron a la v\u00edctima metros m\u00e1s adelante del sitio y param\u00e9dicos le brindaron auxilio, para luego trasladarla a un hospital.<\/p>\n\n\n\n<p>En este caso tampoco hay personas detenidas, pese a los operativos por parte de corporaciones de los tres niveles de gobierno.<\/p>\n\n\n\n<p>En otro caso, como Amairany M. P., de 28 a\u00f1os de edad, fue identificada la mujer que fue asesinada anoche en jurisdicci\u00f3n de la agencia de Donaj\u00ed, municipio de Oaxaca de Ju\u00e1rez, cuando se trasladaba a bordo de su veh\u00edculo; hasta el momento no hay reporte de personas detenidas.<\/p>\n","protected":false},"excerpt":{"rendered":"<p>Raymundo Morales\/Zona Roja. Oaxaca de Ju\u00e1rez, Oax., a 1 de octubre de 2024.- Una persona&hellip;<\/p>\n","protected":false},"author":2,"featured_media":72998,"comment_status":"closed","ping_status":"open","sticky":false,"template":"","format":"standard","meta":{"_lmt_disableupdate":"","_lmt_disable":"","_jetpack_memberships_contains_paid_content":false,"footnotes":""},"categories":[109,51],"tags":[2754],"class_list":["post-72997","post","type-post","status-publish","format-standard","has-post-thumbnail","hentry","category-minuto-a-minuto","category-zona-roja","tag-asesinado-san-pedro-pochutla"],"jetpack_featured_media_url":"https:\/\/zonaroja.com.mx\/wp-content\/uploads\/2024\/10\/Taxista-ejecutado-Pochuta.jpg","jetpack_sharing_enabled":true,"_links":{"self":[{"href":"https:\/\/zonaroja.com.mx\/index.php?rest_route=\/wp\/v2\/posts\/72997","targetHints":{"allow":["GET"]}}],"collection":[{"href":"https:\/\/zonaroja.com.mx\/index.php?rest_route=\/wp\/v2\/posts"}],"about":[{"href":"https:\/\/zonaroja.com.mx\/index.php?rest_route=\/wp\/v2\/types\/post"}],"author":[{"embeddable":true,"href":"https:\/\/zonaroja.com.mx\/index.php?rest_route=\/wp\/v2\/users\/2"}],"replies":[{"embeddable":true,"href":"https:\/\/zonaroja.com.mx\/index.php?rest_route=%2Fwp%2Fv2%2Fcomments&post=72997"}],"version-history":[{"count":1,"href":"https:\/\/zonaroja.com.mx\/index.php?rest_route=\/wp\/v2\/posts\/72997\/revisions"}],"predecessor-version":[{"id":72999,"href":"https:\/\/zonaroja.com.mx\/index.php?rest_route=\/wp\/v2\/posts\/72997\/revisions\/72999"}],"wp:featuredmedia":[{"embeddable":true,"href":"https:\/\/zonaroja.com.mx\/index.php?rest_route=\/wp\/v2\/media\/72998"}],"wp:attachment":[{"href":"https:\/\/zonaroja.com.mx\/index.php?rest_route=%2Fwp%2Fv2%2Fmedia&parent=72997"}],"wp:term":[{"taxonomy":"category","embeddable":true,"href":"https:\/\/zonaroja.com.mx\/index.php?rest_route=%2Fwp%2Fv2%2Fcategories&post=72997"},{"taxonomy":"post_tag","embeddable":true,"href":"https:\/\/zonaroja.com.mx\/index.php?rest_route=%2Fwp%2Fv2%2Ftags&post=72997"}],"curies":[{"name":"wp","href":"https:\/\/api.w.org\/{rel}","templated":true}]}}