{"id":7300,"date":"2020-01-04T15:04:13","date_gmt":"2020-01-04T21:04:13","guid":{"rendered":"http:\/\/www.zonaroja.com.mx\/?p=7300"},"modified":"2020-01-04T15:04:27","modified_gmt":"2020-01-04T21:04:27","slug":"que-nunca-se-acabe-el-corazon-oaxaqueno-hacia-el-arte-flor-amargo","status":"publish","type":"post","link":"https:\/\/zonaroja.com.mx\/?p=7300","title":{"rendered":"\u201cQue nunca se acabe el coraz\u00f3n oaxaque\u00f1o hacia el arte\u201d: Flor Amargo"},"content":{"rendered":"\n<p>Yuridiana\nSosa\/Zona Roja.<\/p>\n\n\n\n<p>Oaxaca\nde Ju\u00e1rez, Oax., 4 de enero 2020.- \u201cOaxaca siempre abre su coraz\u00f3n al arte, que\nnunca se acabe este coraz\u00f3n oaxaque\u00f1o que abre las puertas a tantos artistas y\nque ha visto nacer a tantas estrellas. \u00a1\u00c9chennos la mano!\u201d.<\/p>\n\n\n\n<p>Eso\ndijo la extrovertida cantante mexicana durante su visita a esta entidad, en que\nrecorrer\u00e1 calles y mercados, as\u00ed como transporte p\u00fablico, adem\u00e1s de grabar\nalgunos promocionales, junto con el tenor oaxaque\u00f1o Luis Adri\u00e1n.<\/p>\n\n\n\n<p>Este\nviernes, el Andador Tur\u00edstico Macedonio Alcal\u00e1 se convirti\u00f3 en un escenario\nimprovisado para un breve concierto. <\/p>\n\n\n\n<p>La\npotente a de la voz de Luis Adri\u00e1n y el talento extrovertido al piano de Flor\nAmargo cautivaron a decenas de paseantes.<\/p>\n\n\n\n<p>Decenas\nde tturistas nacionales, extranjeros y a los mismos oaxaque\u00f1os disfrutaron de\nun espect\u00e1culo particular desde la calle Allende, casi esquina con Alcal\u00e1,\nfrente al templo de Santo Domingo de Guzm\u00e1n.<\/p>\n\n\n\n<p>La cotidianidad del Andador se rompi\u00f3 en un instante con la inquieta actitud de la originaria de la Ciudad de M\u00e9xico para tocar el piano y la energ\u00eda vocal del tenor, que atraparon por varios minutos a los transe\u00fantes de las hist\u00f3ricas calles de Oaxaca.<\/p>\n\n\n\n<figure class=\"wp-block-embed-twitter wp-block-embed is-type-rich is-provider-twitter\"><div class=\"wp-block-embed__wrapper\">\n<div class=\"twitter-tweet\"><blockquote class=\"twitter-tweet\" data-lang=\"es\"><p lang=\"es\" dir=\"ltr\">\u00bfQu\u00e9 tal el \u201cDios nunca muere\u201d con la voz del <a href=\"https:\/\/twitter.com\/tenorluisadrian?ref_src=twsrc%5Etfw\">@tenorluisadrian<\/a> y al piano <a href=\"https:\/\/twitter.com\/FlorAmargo?ref_src=twsrc%5Etfw\">@FlorAmargo<\/a>? Pues s\u00ed, y sucedi\u00f3 hoy en el Centro Hist\u00f3rico de la capital oaxaque\u00f1a: <a href=\"https:\/\/t.co\/CtQEM7ZbkJ\">pic.twitter.com\/CtQEM7ZbkJ<\/a><\/p>&mdash; Zona Roja Oaxaca (@MexRoja) <a href=\"https:\/\/twitter.com\/MexRoja\/status\/1213252576897974273?ref_src=twsrc%5Etfw\">4 de enero de 2020<\/a><\/blockquote><\/div>\n<\/div><\/figure>\n\n\n\n<p>De\npronto, la canci\u00f3n convertida en himno para los oaxaque\u00f1os, \u201cDios nunca muere\u201d,\nse escuch\u00f3, se sinti\u00f3 e impresion\u00f3 a quienes rodearon a los m\u00fasicos. Fotos,\nvideos, no se hicieron esperar. Aplausos y ovaciones tambi\u00e9n se escucharon.<\/p>\n\n\n\n<p>Se\ntrata de una gira especial que ambos artistas comenzaron en Oaxaca este fin de\nsemana para promover el primer material musical del tenor oaxaque\u00f1o, tras su\nparticipaci\u00f3n en el programa nacional \u201cLa Voz M\u00e9xico\u201d y de donde result\u00f3\nganador en el 2017.<\/p>\n\n\n\n<p>Desde la ma\u00f1ana del viernes, la pareja de m\u00fasicos tambi\u00e9n disfrut\u00f3 de la capital y de la convivencia con los oaxaque\u00f1os que ya los reconocen; pues ella, adem\u00e1s de tambi\u00e9n participado en La Voz, cuenta con sus propias cuentas de redes sociales en las que promociona sus giras independientes por todo el pa\u00eds y en el extranjero.<\/p>\n\n\n\n<figure class=\"wp-block-embed-twitter wp-block-embed is-type-rich is-provider-twitter\"><div class=\"wp-block-embed__wrapper\">\n<div class=\"twitter-tweet\"><blockquote class=\"twitter-tweet\" data-lang=\"es\"><p lang=\"es\" dir=\"ltr\">En <a href=\"https:\/\/twitter.com\/hashtag\/Oaxaca?src=hash&amp;ref_src=twsrc%5Etfw\">#Oaxaca<\/a>, <a href=\"https:\/\/twitter.com\/FlorAmargo?ref_src=twsrc%5Etfw\">@FlorAmargo<\/a> y as\u00ed env\u00eda saludos a sus seguidores en la entidad. En el Andador Tur\u00edstico ofreci\u00f3 improvisado concierto con el tenor oaxaque\u00f1o Luis Adri\u00e1n. <a href=\"https:\/\/twitter.com\/rosyramales?ref_src=twsrc%5Etfw\">@rosyramales<\/a> <a href=\"https:\/\/twitter.com\/Gelosnivon?ref_src=twsrc%5Etfw\">@Gelosnivon<\/a> <a href=\"https:\/\/twitter.com\/camaradamarko?ref_src=twsrc%5Etfw\">@camaradamarko<\/a> <a href=\"https:\/\/twitter.com\/evlin_aragon?ref_src=twsrc%5Etfw\">@evlin_aragon<\/a> <a href=\"https:\/\/twitter.com\/YuriSosa04?ref_src=twsrc%5Etfw\">@YuriSosa04<\/a> <a href=\"https:\/\/t.co\/zNek8S7Mbz\">pic.twitter.com\/zNek8S7Mbz<\/a><\/p>&mdash; Zona Roja Oaxaca (@MexRoja) <a href=\"https:\/\/twitter.com\/MexRoja\/status\/1213202351659503616?ref_src=twsrc%5Etfw\">3 de enero de 2020<\/a><\/blockquote><\/div>\n<\/div><\/figure>\n\n\n\n<p>Flor\nAmargo, quien ha realizado anteriores visitas a Oaxaca, indic\u00f3 que a trav\u00e9s de\nlo denominan arte callejero, e independiente, promocionaran su dueto, por lo\nque su estancia en la capital seguir\u00e1 alterando el orden por medio de la\nm\u00fasica.<\/p>\n\n\n\n<p>La\nextrovertida cantante agradeci\u00f3 a los oaxaque\u00f1os el recibimiento, as\u00ed como les\npidi\u00f3 su apoyo para este nuevo proyecto que emprende de la mano de Luis Adri\u00e1n.<\/p>\n\n\n\n<p>\u201c\u00a1\u00c9chenos\nla mano!\u201d, es la petici\u00f3n recurrente de Flor Amargo durante todos sus\nconciertos a lo largo y ancho del pa\u00eds, as\u00ed como en el extranjero, en que sin\ntapujos ni exigencias, canta, baila y toca el piano en calles, bares,\nrestaurantes, sistemas de transporte, entre otros.<\/p>\n","protected":false},"excerpt":{"rendered":"<p>Yuridiana Sosa\/Zona Roja. Oaxaca de Ju\u00e1rez, Oax., 4 de enero 2020.- \u201cOaxaca siempre abre su&hellip;<\/p>\n","protected":false},"author":2,"featured_media":7301,"comment_status":"closed","ping_status":"open","sticky":false,"template":"","format":"standard","meta":{"_lmt_disableupdate":"","_lmt_disable":"","_jetpack_memberships_contains_paid_content":false,"footnotes":""},"categories":[109,46],"tags":[1232,1233],"class_list":["post-7300","post","type-post","status-publish","format-standard","has-post-thumbnail","hentry","category-minuto-a-minuto","category-zona-blanca","tag-flor-amargo","tag-tenor-luis-adrian"],"jetpack_featured_media_url":"https:\/\/zonaroja.com.mx\/wp-content\/uploads\/2020\/01\/Flor-Amargo.jpg","jetpack_sharing_enabled":true,"_links":{"self":[{"href":"https:\/\/zonaroja.com.mx\/index.php?rest_route=\/wp\/v2\/posts\/7300","targetHints":{"allow":["GET"]}}],"collection":[{"href":"https:\/\/zonaroja.com.mx\/index.php?rest_route=\/wp\/v2\/posts"}],"about":[{"href":"https:\/\/zonaroja.com.mx\/index.php?rest_route=\/wp\/v2\/types\/post"}],"author":[{"embeddable":true,"href":"https:\/\/zonaroja.com.mx\/index.php?rest_route=\/wp\/v2\/users\/2"}],"replies":[{"embeddable":true,"href":"https:\/\/zonaroja.com.mx\/index.php?rest_route=%2Fwp%2Fv2%2Fcomments&post=7300"}],"version-history":[{"count":1,"href":"https:\/\/zonaroja.com.mx\/index.php?rest_route=\/wp\/v2\/posts\/7300\/revisions"}],"predecessor-version":[{"id":7302,"href":"https:\/\/zonaroja.com.mx\/index.php?rest_route=\/wp\/v2\/posts\/7300\/revisions\/7302"}],"wp:featuredmedia":[{"embeddable":true,"href":"https:\/\/zonaroja.com.mx\/index.php?rest_route=\/wp\/v2\/media\/7301"}],"wp:attachment":[{"href":"https:\/\/zonaroja.com.mx\/index.php?rest_route=%2Fwp%2Fv2%2Fmedia&parent=7300"}],"wp:term":[{"taxonomy":"category","embeddable":true,"href":"https:\/\/zonaroja.com.mx\/index.php?rest_route=%2Fwp%2Fv2%2Fcategories&post=7300"},{"taxonomy":"post_tag","embeddable":true,"href":"https:\/\/zonaroja.com.mx\/index.php?rest_route=%2Fwp%2Fv2%2Ftags&post=7300"}],"curies":[{"name":"wp","href":"https:\/\/api.w.org\/{rel}","templated":true}]}}