{"id":73000,"date":"2024-10-01T10:30:00","date_gmt":"2024-10-01T16:30:00","guid":{"rendered":"https:\/\/zonaroja.com.mx\/?p=73000"},"modified":"2024-10-01T07:51:53","modified_gmt":"2024-10-01T13:51:53","slug":"una-mujer-llevara-la-comunicacion-social-de-claudia-sheinbaum-quien-es","status":"publish","type":"post","link":"https:\/\/zonaroja.com.mx\/?p=73000","title":{"rendered":"Una mujer llevar\u00e1 la comunicaci\u00f3n social de Claudia Sheinbaum, \u00bfqui\u00e9n es?"},"content":{"rendered":"\n<p>Redacci\u00f3n\/Zona Roja Cdmx.<\/p>\n\n\n\n<p>Ciudad de M\u00e9xico, a 1 de octubre de 2024.- Horas antes de acudir al Palacio Legislativo de San L\u00e1zaro para asumir el cargo de Presidenta de M\u00e9xico formalmente, Claudia Sheinbaum Pardo realiz\u00f3 una serie de nombramientos de personas que formar\u00e1n parte de su equipo de trabajo.&nbsp;<\/p>\n\n\n\n<p>Entre los perfiles mencionados destac\u00f3 el de su nueva coordinadora general de Comunicaci\u00f3n Social, es decir Paulina Silva.<\/p>\n\n\n\n<p>A trav\u00e9s de su cuenta verificada de la red social X, antes Twitter, la Presidenta electa de M\u00e9xico dio a conocer un bolet\u00edn con el nombre de las 35 personas que formar\u00e1n parte de su equipo de trabajo, ya sea que contin\u00faen o se incorporen a sus nuevos puestos.&nbsp;<\/p>\n\n\n\n<p>Fue ah\u00ed donde confirm\u00f3 cu\u00e1l ser\u00e1 la funci\u00f3n de Paulina Silva Rodr\u00edguez.<\/p>\n\n\n\n<p>Luego de haber tenido noticia del comunicado, la pr\u00f3xima coordinadora general de Comunicaci\u00f3n Social emiti\u00f3 un mensaje de agradecimiento con la Presidenta electa a trav\u00e9s de sus redes sociales.<\/p>\n\n\n\n<p>\u201cAgradezco a la Presidenta electa Claudia Sheinbaum el honor de designarme como coordinadora de Comunicaci\u00f3n Social del Gobierno de M\u00e9xico. No llega sola, llegamos todas, nuestras abuelas, madres y futuras generaciones. Nos gu\u00eda la honestidad y la convicci\u00f3n de trabajar por un pa\u00eds mejor\u201d, escribi\u00f3 en su perfil @paus_silva.<\/p>\n\n\n\n<p>Nacida el 29 de octubre de 1988, Nadia Paulina Silva Rodr\u00edguez es licenciada en Comunicaci\u00f3n y Periodismo por la Universidad Nacional Aut\u00f3noma de M\u00e9xico (UNAM) y cuenta con una maestr\u00eda en Imagen P\u00fablica avalada por el Colegio de Imagen P\u00fablica.&nbsp;<\/p>\n\n\n\n<p>De igual manera, en alg\u00fan momento de su carrera se dedic\u00f3 a conducir noticieros de la televisi\u00f3n p\u00fablica e integr\u00f3 el Consejo Consultivo del Canal del Congreso.<\/p>\n\n\n\n<p>Su trayectoria al lado de la Presidenta electa Claudia Sheinbaum Pardo no es nueva. De hecho, su antecedente m\u00e1s inmediato data de la m\u00e1s reciente campa\u00f1a electoral rumbo a las elecciones del 2 de junio de 2024. En ese momento ocup\u00f3 la coordinaci\u00f3n de Comunicaci\u00f3n Social dentro del equipo de trabajo de la exjefa de Gobierno.<\/p>\n\n\n\n<p>Incluso, en diversas ocasiones lleg\u00f3 a difundir im\u00e1genes junto a Claudia Sheinbaum Pardo en momentos relevantes como la preparaci\u00f3n y el an\u00e1lisis de los debates que lleg\u00f3 a sostener con X\u00f3chitl G\u00e1lvez y Jorge \u00c1lvarez M\u00e1ynez.<\/p>\n\n\n\n<p>Antes, en 2018, fue directora ejecutiva de Prensa y, posteriormente, la coordinaci\u00f3n general de Comunicaci\u00f3n Social del gobierno de la Ciudad de M\u00e9xico (Cdmx). De igual manera, cuenta con experiencia en prensa escrita, as\u00ed como radio y televisi\u00f3n, tanto en medios p\u00fablicos como en medios privados.<\/p>\n\n\n\n<p>(Informaci\u00f3n de Infobae M\u00e9xico)<\/p>\n","protected":false},"excerpt":{"rendered":"<p>Redacci\u00f3n\/Zona Roja Cdmx. Ciudad de M\u00e9xico, a 1 de octubre de 2024.- Horas antes de&hellip;<\/p>\n","protected":false},"author":2,"featured_media":73001,"comment_status":"closed","ping_status":"open","sticky":false,"template":"","format":"standard","meta":{"_lmt_disableupdate":"","_lmt_disable":"","_jetpack_memberships_contains_paid_content":false,"footnotes":""},"categories":[109,46],"tags":[4077],"class_list":["post-73000","post","type-post","status-publish","format-standard","has-post-thumbnail","hentry","category-minuto-a-minuto","category-zona-blanca","tag-paulina-silva-rodriguez"],"jetpack_featured_media_url":"https:\/\/zonaroja.com.mx\/wp-content\/uploads\/2024\/10\/Paulina-Silva-Rodriguez-comunicacion-social.jpg.avif","jetpack_sharing_enabled":true,"_links":{"self":[{"href":"https:\/\/zonaroja.com.mx\/index.php?rest_route=\/wp\/v2\/posts\/73000","targetHints":{"allow":["GET"]}}],"collection":[{"href":"https:\/\/zonaroja.com.mx\/index.php?rest_route=\/wp\/v2\/posts"}],"about":[{"href":"https:\/\/zonaroja.com.mx\/index.php?rest_route=\/wp\/v2\/types\/post"}],"author":[{"embeddable":true,"href":"https:\/\/zonaroja.com.mx\/index.php?rest_route=\/wp\/v2\/users\/2"}],"replies":[{"embeddable":true,"href":"https:\/\/zonaroja.com.mx\/index.php?rest_route=%2Fwp%2Fv2%2Fcomments&post=73000"}],"version-history":[{"count":1,"href":"https:\/\/zonaroja.com.mx\/index.php?rest_route=\/wp\/v2\/posts\/73000\/revisions"}],"predecessor-version":[{"id":73002,"href":"https:\/\/zonaroja.com.mx\/index.php?rest_route=\/wp\/v2\/posts\/73000\/revisions\/73002"}],"wp:featuredmedia":[{"embeddable":true,"href":"https:\/\/zonaroja.com.mx\/index.php?rest_route=\/wp\/v2\/media\/73001"}],"wp:attachment":[{"href":"https:\/\/zonaroja.com.mx\/index.php?rest_route=%2Fwp%2Fv2%2Fmedia&parent=73000"}],"wp:term":[{"taxonomy":"category","embeddable":true,"href":"https:\/\/zonaroja.com.mx\/index.php?rest_route=%2Fwp%2Fv2%2Fcategories&post=73000"},{"taxonomy":"post_tag","embeddable":true,"href":"https:\/\/zonaroja.com.mx\/index.php?rest_route=%2Fwp%2Fv2%2Ftags&post=73000"}],"curies":[{"name":"wp","href":"https:\/\/api.w.org\/{rel}","templated":true}]}}