{"id":73011,"date":"2024-10-01T14:28:00","date_gmt":"2024-10-01T20:28:00","guid":{"rendered":"https:\/\/zonaroja.com.mx\/?p=73011"},"modified":"2024-10-01T08:32:30","modified_gmt":"2024-10-01T14:32:30","slug":"opinion-nueva-hegemonia-nuevo-regimen","status":"publish","type":"post","link":"https:\/\/zonaroja.com.mx\/?p=73011","title":{"rendered":"Opini\u00f3n. Nueva hegemon\u00eda, nuevo r\u00e9gimen"},"content":{"rendered":"\n<p>Isidoro Yescas*<\/p>\n\n\n\n<p>Nunca en la historia contempor\u00e1nea de M\u00e9xico un presidente de la rep\u00fablica concentr\u00f3 tanto poder y popularidad como Andr\u00e9s Manuel L\u00f3pez Obrador al punto que, a contrapelo de su estilo personal de gobernar&nbsp;y los yerros&nbsp;de su administraci\u00f3n,&nbsp;logr\u00f3 sentar las bases&nbsp;para &nbsp;avanzar en el dise\u00f1o &nbsp;de un&nbsp;nuevo r\u00e9gimen,&nbsp;expresado en la eliminaci\u00f3n de contrapesos institucionales,&nbsp;el&nbsp;control absoluto del poder legislativo por la v\u00eda de la construcci\u00f3n de mayor\u00edas calificadas en la C\u00e1mara de Diputados y C\u00e1mara de Senadores,&nbsp;la captura&nbsp;del Poder Judicial&nbsp;a trav\u00e9s de&nbsp;su controvertida reforma constitucional,&nbsp;&nbsp;la&nbsp;reducci\u00f3n a su m\u00ednima expresi\u00f3n&nbsp;del PAN y el PRI como fuerzas &nbsp;dominantes de las oposiciones partidistas&nbsp;y, en s\u00edntesis, en&nbsp;el dise\u00f1o e instauraci\u00f3n de&nbsp;un nuevo entramado jur\u00eddico-institucional para apuntalar as\u00ed una nueva hegemon\u00eda.<\/p>\n\n\n\n<p>Se trata de un proceso de cambio&nbsp;de alto impacto social y pol\u00edtico&nbsp;iniciado en el 2018 y que en el \u00faltimo tramo del sexenio&nbsp;obradorista&nbsp;se&nbsp;aceler\u00f3&nbsp;con&nbsp;dos reformas m\u00e1s: la que formaliza la subordinaci\u00f3n de la Guardia Nacional a la Sedena y la reforma ind\u00edgena.&nbsp;<\/p>\n\n\n\n<p>Esta nueva hegemon\u00eda&nbsp;ya tiene en su haber logros indiscutibles en materia de pol\u00edtica social que, entre otras cosas, ha reducido la pobreza econ\u00f3mica y laboral de un importante sector de mexicanos (as), pero es claro tambi\u00e9n que&nbsp;hace falta &nbsp;valorar los alcances y l\u00edmites de&nbsp;las pol\u00edticas y programas insignias del sexenio y los impactos (positivos y negativos) de todas sus reformas legales y constitucionales agrupadas en el llamado Plan C, tanto a nivel nacional como&nbsp;&nbsp;en sus expresiones&nbsp;subnacionales,&nbsp;pues es en este&nbsp;segundo&nbsp;nivel en donde se han observado mayores contradicciones, omisiones y hasta distanciamientos &nbsp;entre&nbsp;las pol\u00edticas&nbsp;obradoristas&nbsp;&nbsp;y un ejercicio del poder mas cercano al viejo r\u00e9gimen de gobernadores,&nbsp;presidentes municipales,&nbsp;dirigentes pol\u00edticos y legisladores&nbsp;morenistas.<\/p>\n\n\n\n<p>Por ejemplo, si&nbsp;desde&nbsp;el&nbsp;gobierno federal&nbsp;se observaron&nbsp;&nbsp;avances muy limitados en el combate a la corrupci\u00f3n,&nbsp;en los gobiernos locales&nbsp;de la 4t generalmente&nbsp;solo&nbsp;hubo&nbsp;cambios de mano&nbsp;y hoy&nbsp;el atraco al erario p\u00fablico&nbsp;tiene otros nombres y beneficiarios.&nbsp;Sobran&nbsp;denuncias&nbsp;p\u00fablicas&nbsp;de&nbsp;servidores p\u00fablicos(as) que se enriquecieron en el ejercicio del cargo y de quienes lo siguen haciendo&nbsp;desde los poderes ejecutivo y legislativo &nbsp;y los gobiernos municipales.&nbsp;<\/p>\n\n\n\n<p>Ocurri\u00f3 lo mismo con la transparencia y rendici\u00f3n de&nbsp;cuentas ,&nbsp;una obligaci\u00f3n constitucional &nbsp;no atendida &nbsp;o&nbsp;solo&nbsp;cumplida a medias y &nbsp;bajo presi\u00f3n de los medios de informaci\u00f3n y las denuncias de organizaciones de la sociedad civil. Y como ya se advierte&nbsp;ante&nbsp;la inminente desaparici\u00f3n del INAI y de los \u00f3rganos de&nbsp;transparencia a nivel estatal,&nbsp;la opacidad y discrecionalidad en el manejo de los recursos p\u00fablicos seguir\u00e1 en ruta ascendente &nbsp;si no se generan mecanismos alternos de rendici\u00f3n de cuentas&nbsp;y&nbsp;fuera de la \u00f3rbita del control gubernamental.&nbsp;<\/p>\n\n\n\n<p>Sin duda, la gran deuda heredada de dos sexenios &nbsp;anteriores&nbsp;,y que con el&nbsp;obradorismo&nbsp;toc\u00f3 fondo, fue la violencia y la inseguridad. Las propias fuentes oficiales como el INEGI o el Secretariado Ejecutivo del Sistema Nacional de Seguridad P\u00fablica dieron cuenta a\u00f1o tras a\u00f1o (del 2018 al 2024) de un crecimiento exponencial de la inseguridad p\u00fablica en pr\u00e1cticamente toda la rep\u00fablica mexicana y, casi en forma paralela, del empoderamiento de c\u00e1rteles y bandas del crimen organizado,&nbsp;sin que desde el gobierno federal,&nbsp;y mucho menos&nbsp;desde&nbsp;los gobiernos estatales y municipales,&nbsp;se registraran respuestas eficaces y contundentes para frenar o revertir&nbsp;el problema.<\/p>\n\n\n\n<p>Hoy, con una reconfiguraci\u00f3n del poder pol\u00edtico cargada casi totalmente del lado de los gobiernos y legislaturas de la 4T (empezando por la Presidencia de la Rep\u00fablica, la C\u00e1mara de Diputados y la C\u00e1mara de Senadores)&nbsp;est\u00e1n&nbsp;a la vista la oportunidad&nbsp;para otorgarle prioridad al combate a la inseguridad,&nbsp;abatir &nbsp;los &nbsp;rezagos educativos y de salud p\u00fablica,&nbsp;fortalecer las pol\u00edticas&nbsp;y programas&nbsp;sociales instaurados por el&nbsp;obradorismo&nbsp;y dar &nbsp;pasos sustanciales&nbsp;en materia &nbsp;de combate a la&nbsp;impunidad y&nbsp;corrupci\u00f3n, desarrollo y crecimiento econ\u00f3mico y respeto a&nbsp;los derechos de los pueblos originarios.<\/p>\n\n\n\n<p>La continuidad de la 4T debe servir para que el voto ciudadano&nbsp;que asegur\u00f3 el arribo a la Presidencia de la Rep\u00fablica de Claudia&nbsp;Sheinbaum&nbsp;y&nbsp;la continuidad de los gobiernos de la 4T&nbsp;no se quede en el mero ejercicio de un derecho pol\u00edtico sino que&nbsp;transite hacia nuevos modos y formas para ejercer el poder, desde el centro y desde los gobiernos subnacionales.&nbsp;<\/p>\n\n\n\n<p>*Maestro en Sociolog\u00eda.<\/p>\n\n\n\n<p>X:&nbsp;@YescasIsidoro<\/p>\n\n\n\n<p>Faceboock:&nbsp;IsidoroYescas<\/p>\n","protected":false},"excerpt":{"rendered":"<p>Isidoro Yescas* Nunca en la historia contempor\u00e1nea de M\u00e9xico un presidente de la rep\u00fablica concentr\u00f3&hellip;<\/p>\n","protected":false},"author":2,"featured_media":71623,"comment_status":"closed","ping_status":"open","sticky":false,"template":"","format":"standard","meta":{"_lmt_disableupdate":"","_lmt_disable":"","_jetpack_memberships_contains_paid_content":false,"footnotes":""},"categories":[456,109],"tags":[3998],"class_list":["post-73011","post","type-post","status-publish","format-standard","has-post-thumbnail","hentry","category-columna","category-minuto-a-minuto","tag-isidoro-yescas-martinez"],"jetpack_featured_media_url":"https:\/\/zonaroja.com.mx\/wp-content\/uploads\/2024\/08\/Opinion.-Isidoro-Yescas.jpg","jetpack_sharing_enabled":true,"_links":{"self":[{"href":"https:\/\/zonaroja.com.mx\/index.php?rest_route=\/wp\/v2\/posts\/73011","targetHints":{"allow":["GET"]}}],"collection":[{"href":"https:\/\/zonaroja.com.mx\/index.php?rest_route=\/wp\/v2\/posts"}],"about":[{"href":"https:\/\/zonaroja.com.mx\/index.php?rest_route=\/wp\/v2\/types\/post"}],"author":[{"embeddable":true,"href":"https:\/\/zonaroja.com.mx\/index.php?rest_route=\/wp\/v2\/users\/2"}],"replies":[{"embeddable":true,"href":"https:\/\/zonaroja.com.mx\/index.php?rest_route=%2Fwp%2Fv2%2Fcomments&post=73011"}],"version-history":[{"count":1,"href":"https:\/\/zonaroja.com.mx\/index.php?rest_route=\/wp\/v2\/posts\/73011\/revisions"}],"predecessor-version":[{"id":73012,"href":"https:\/\/zonaroja.com.mx\/index.php?rest_route=\/wp\/v2\/posts\/73011\/revisions\/73012"}],"wp:featuredmedia":[{"embeddable":true,"href":"https:\/\/zonaroja.com.mx\/index.php?rest_route=\/wp\/v2\/media\/71623"}],"wp:attachment":[{"href":"https:\/\/zonaroja.com.mx\/index.php?rest_route=%2Fwp%2Fv2%2Fmedia&parent=73011"}],"wp:term":[{"taxonomy":"category","embeddable":true,"href":"https:\/\/zonaroja.com.mx\/index.php?rest_route=%2Fwp%2Fv2%2Fcategories&post=73011"},{"taxonomy":"post_tag","embeddable":true,"href":"https:\/\/zonaroja.com.mx\/index.php?rest_route=%2Fwp%2Fv2%2Ftags&post=73011"}],"curies":[{"name":"wp","href":"https:\/\/api.w.org\/{rel}","templated":true}]}}