{"id":73013,"date":"2024-10-01T13:37:00","date_gmt":"2024-10-01T19:37:00","guid":{"rendered":"https:\/\/zonaroja.com.mx\/?p=73013"},"modified":"2024-10-01T08:38:03","modified_gmt":"2024-10-01T14:38:03","slug":"cruenta-narcoguerra-en-sinaloa-121-asesinados-en-21-dias","status":"publish","type":"post","link":"https:\/\/zonaroja.com.mx\/?p=73013","title":{"rendered":"Cruenta narcoguerra en Sinaloa: 121 asesinados en 21 d\u00edas"},"content":{"rendered":"\n<p>Redacci\u00f3n\/Zona Roja Cdmx.<\/p>\n\n\n\n<p>Ciudad de M\u00e9xico, a 1 de octubre de 2024.- Faustino Hern\u00e1ndez, presidente de la Uni\u00f3n Ganadera Regional de Sinaloa, fue asesinado a balazos junto con su escolta en su domicilio del sector Parque Alameda, del Desarrollo Urbano Tres R\u00edos, en Culiac\u00e1n, a un lado de los departamentos donde la semana pasada hubo un enfrentamiento.<\/p>\n\n\n\n<p>Alrededor de las 9 horas de ayer, el l\u00edder fue atacado por hombres armados cuando arribaba a su casa, escoltado por un hombre identificado como Jes\u00fas.<\/p>\n\n\n\n<p>Vecinos reportaron m\u00faltiples detonaciones, y a su llegada, polic\u00edas informaron que un cad\u00e1ver fue hallado en la cochera y otro dentro del domicilio.<\/p>\n\n\n\n<p>Hern\u00e1ndez \u00c1lvarez era miembro de Morena, ingeniero agr\u00f3nomo y egresado de la Universidad Aut\u00f3noma de Sinaloa, donde se desempe\u00f1\u00f3 como profesor durante 27 a\u00f1os.<\/p>\n\n\n\n<p>ANUNCIAN OPERATIVOS<\/p>\n\n\n\n<p>En este contexto, ayer durante su conferencia de prensa, el gobernador Rub\u00e9n Rocha Moya anunci\u00f3 que se implementar\u00e1 el operativo antibloqueos de carreteras Fuerza de tarea, dentro de los 100 d\u00edas de gobierno de la Presidenta Claudia Sheinbaum, en cinco puntos de la entidad, cuatro en la maxipista Culiac\u00e1n-Mazatl\u00e1n y otro en el puente El Sinaloense de la v\u00eda Culiac\u00e1n-Durango.<\/p>\n\n\n\n<p>Precis\u00f3 que la Fuerza de tarea combatir\u00e1 a los grupos generadores de violencia y buscar\u00e1 a personas desaparecidas.<\/p>\n\n\n\n<p>El mandatario dijo que ser\u00e1 un operativo preventivo y resolutivo, porque se busca evitar que los conductores que transitan por estas rutas esperen durante horas a que se enfr\u00eden los fierros de las unidades quemadas y llegue alguna gr\u00faa a desalojar la vialidad para poder pasar.<\/p>\n\n\n\n<p>Puntualiz\u00f3 que esta comprobado que los grupos identificados como \u201cLos Chapitos\u201d y \u201cLos Mayitos\u201d se est\u00e1n enfrentando entre ellos y con la autoridad, por lo que es \u201cnuestra obligaci\u00f3n como gobierno y, en particular, como gobernador estar atento ad\u00f3nde sale una confrontaci\u00f3n entre ellos\u201d.<\/p>\n\n\n\n<p>Asegur\u00f3 que se combate sin distinci\u00f3n a los dos grupos criminales que se disputan Sinaloa.<\/p>\n\n\n\n<p>Rocha Moya confirm\u00f3 que ayer se cometieron tres homicidios en la entidad, uno de ellos el del l\u00edder ganadero.<\/p>\n\n\n\n<p>Por su parte, la Fiscal\u00eda General del Estado dio a conocer que durante las pasadas 72 horas, localizaron a 21 personas asesinadas con armas de fuego en los municipios de Culiac\u00e1n, Navolato, El Dorado, Elota y Concordia.<\/p>\n\n\n\n<p>Precis\u00f3 que en 21 d\u00edas de acontecimientos violentos en la entidad se han cometido 129 homicidios, un feminicidio, y suman 159 casos de desaparici\u00f3n forzada de personas.<\/p>\n\n\n\n<p>(Con informaci\u00f3n de Debate de Sinaloa, en \u201cLa Jornada\u201d)<\/p>\n","protected":false},"excerpt":{"rendered":"<p>Redacci\u00f3n\/Zona Roja Cdmx. Ciudad de M\u00e9xico, a 1 de octubre de 2024.- Faustino Hern\u00e1ndez, presidente&hellip;<\/p>\n","protected":false},"author":2,"featured_media":66579,"comment_status":"closed","ping_status":"open","sticky":false,"template":"","format":"standard","meta":{"_lmt_disableupdate":"","_lmt_disable":"","_jetpack_memberships_contains_paid_content":false,"footnotes":""},"categories":[109,47],"tags":[1789],"class_list":["post-73013","post","type-post","status-publish","format-standard","has-post-thumbnail","hentry","category-minuto-a-minuto","category-zona-gris","tag-enfrentamientos-sinaloa"],"jetpack_featured_media_url":"https:\/\/zonaroja.com.mx\/wp-content\/uploads\/2024\/03\/Operativos-Culiacan-Sinaloa-busqueda.jpeg","jetpack_sharing_enabled":true,"_links":{"self":[{"href":"https:\/\/zonaroja.com.mx\/index.php?rest_route=\/wp\/v2\/posts\/73013","targetHints":{"allow":["GET"]}}],"collection":[{"href":"https:\/\/zonaroja.com.mx\/index.php?rest_route=\/wp\/v2\/posts"}],"about":[{"href":"https:\/\/zonaroja.com.mx\/index.php?rest_route=\/wp\/v2\/types\/post"}],"author":[{"embeddable":true,"href":"https:\/\/zonaroja.com.mx\/index.php?rest_route=\/wp\/v2\/users\/2"}],"replies":[{"embeddable":true,"href":"https:\/\/zonaroja.com.mx\/index.php?rest_route=%2Fwp%2Fv2%2Fcomments&post=73013"}],"version-history":[{"count":1,"href":"https:\/\/zonaroja.com.mx\/index.php?rest_route=\/wp\/v2\/posts\/73013\/revisions"}],"predecessor-version":[{"id":73014,"href":"https:\/\/zonaroja.com.mx\/index.php?rest_route=\/wp\/v2\/posts\/73013\/revisions\/73014"}],"wp:featuredmedia":[{"embeddable":true,"href":"https:\/\/zonaroja.com.mx\/index.php?rest_route=\/wp\/v2\/media\/66579"}],"wp:attachment":[{"href":"https:\/\/zonaroja.com.mx\/index.php?rest_route=%2Fwp%2Fv2%2Fmedia&parent=73013"}],"wp:term":[{"taxonomy":"category","embeddable":true,"href":"https:\/\/zonaroja.com.mx\/index.php?rest_route=%2Fwp%2Fv2%2Fcategories&post=73013"},{"taxonomy":"post_tag","embeddable":true,"href":"https:\/\/zonaroja.com.mx\/index.php?rest_route=%2Fwp%2Fv2%2Ftags&post=73013"}],"curies":[{"name":"wp","href":"https:\/\/api.w.org\/{rel}","templated":true}]}}