{"id":73015,"date":"2024-10-01T19:43:07","date_gmt":"2024-10-02T01:43:07","guid":{"rendered":"https:\/\/zonaroja.com.mx\/?p=73015"},"modified":"2024-10-01T19:43:08","modified_gmt":"2024-10-02T01:43:08","slug":"inicia-octubre-violento-4-asesinados-entre-ellos-una-mujer-y-un-integrante-lgtb","status":"publish","type":"post","link":"https:\/\/zonaroja.com.mx\/?p=73015","title":{"rendered":"Inicia octubre violento: 4 asesinados, entre ellos una mujer y un integrante LGTB"},"content":{"rendered":"\n<p>Ismael Garc\u00eda M.\/Zona Roja.<\/p>\n\n\n\n<p>Oaxaca de Ju\u00e1rez, Oax., a 1 de octubre de 2024.- Octubre inici\u00f3 en Oaxaca con al menos cuatro asesinatos, entre ellos el de una mujer y un integrante de la comunidad LGTB, en hechos ocurridos en las regiones Costa e Istmo.<\/p>\n\n\n\n<p>En los l\u00edmites de la Villa de San Blas Atempa con Santo Domingo Tehuantepec fue localizado un cuerpo sin vida, maniatado y huellas de tortura.<\/p>\n\n\n\n<p>Inicialmente se informo que se trataba de una mujer pero posteriormente la v\u00edctima fue identificada como integrante de la comunidad LGTB, con el nombre de Mayt\u00e9 L. R., originaria de Juchit\u00e1n de Zaragoza.<\/p>\n\n\n\n<p>En San Miguel del Puerto, municipio de la zona coste\u00f1a, una mujer fue ultimada en las \u00faltimas horas, presuntamente por migrantes, cuando se encontraba en el fraccionamiento Miramar de la agencia de Barra Copalita.<\/p>\n\n\n\n<p>Hasta el momento no hay mayores datos respecto al m\u00f3vil del crimen y la v\u00edctima fue identificada como Rebeca H. F.; la autoridad municipal confirm\u00f3 el hecho registrado presuntamente durante una ri\u00f1a.&nbsp;<\/p>\n\n\n\n<p>Hasta el momento no hay confirmaci\u00f3n oficial de personas detenidas por este probable feminicidio.<\/p>\n\n\n\n<p>Esta tarde, en el municipio de Santiago Niltepec, en la zona oriente del Istmo, fue acribillado un taxista, identificado como Mart\u00edn F., alias \u201cEl Flaco\u201d.<\/p>\n\n\n\n<p>Los hechos sucedieron alrededor de las 16:30 horas y a\u00fan se desconoce qui\u00e9n o qui\u00e9nes lo privaron de la vida.<\/p>\n\n\n\n<p>Por otra parte, en Puerto Escondido, destino tur\u00edstico de la Costa de Oaxaca, privaron de la vida con disparos de arma de fuego a un individuo.<\/p>\n\n\n\n<p>El cuerpo sin vida fue localizado en la calle Agua Zarca del fraccionamiento Agua Marina donde sujetos armados lo acribillaron; en este caso tampoco hay reporte de personas detenidas.<\/p>\n","protected":false},"excerpt":{"rendered":"<p>Ismael Garc\u00eda M.\/Zona Roja. Oaxaca de Ju\u00e1rez, Oax., a 1 de octubre de 2024.- Octubre&hellip;<\/p>\n","protected":false},"author":2,"featured_media":73016,"comment_status":"closed","ping_status":"open","sticky":false,"template":"","format":"standard","meta":{"_lmt_disableupdate":"","_lmt_disable":"","_jetpack_memberships_contains_paid_content":false,"footnotes":""},"categories":[109,51],"tags":[179,3262],"class_list":["post-73015","post","type-post","status-publish","format-standard","has-post-thumbnail","hentry","category-minuto-a-minuto","category-zona-roja","tag-san-blas-atempa","tag-santiago-niltepec"],"jetpack_featured_media_url":"https:\/\/zonaroja.com.mx\/wp-content\/uploads\/2024\/10\/Asesinado-Tehuantepec-San-Blas-Atempa-LGTB.jpg","jetpack_sharing_enabled":true,"_links":{"self":[{"href":"https:\/\/zonaroja.com.mx\/index.php?rest_route=\/wp\/v2\/posts\/73015","targetHints":{"allow":["GET"]}}],"collection":[{"href":"https:\/\/zonaroja.com.mx\/index.php?rest_route=\/wp\/v2\/posts"}],"about":[{"href":"https:\/\/zonaroja.com.mx\/index.php?rest_route=\/wp\/v2\/types\/post"}],"author":[{"embeddable":true,"href":"https:\/\/zonaroja.com.mx\/index.php?rest_route=\/wp\/v2\/users\/2"}],"replies":[{"embeddable":true,"href":"https:\/\/zonaroja.com.mx\/index.php?rest_route=%2Fwp%2Fv2%2Fcomments&post=73015"}],"version-history":[{"count":1,"href":"https:\/\/zonaroja.com.mx\/index.php?rest_route=\/wp\/v2\/posts\/73015\/revisions"}],"predecessor-version":[{"id":73017,"href":"https:\/\/zonaroja.com.mx\/index.php?rest_route=\/wp\/v2\/posts\/73015\/revisions\/73017"}],"wp:featuredmedia":[{"embeddable":true,"href":"https:\/\/zonaroja.com.mx\/index.php?rest_route=\/wp\/v2\/media\/73016"}],"wp:attachment":[{"href":"https:\/\/zonaroja.com.mx\/index.php?rest_route=%2Fwp%2Fv2%2Fmedia&parent=73015"}],"wp:term":[{"taxonomy":"category","embeddable":true,"href":"https:\/\/zonaroja.com.mx\/index.php?rest_route=%2Fwp%2Fv2%2Fcategories&post=73015"},{"taxonomy":"post_tag","embeddable":true,"href":"https:\/\/zonaroja.com.mx\/index.php?rest_route=%2Fwp%2Fv2%2Ftags&post=73015"}],"curies":[{"name":"wp","href":"https:\/\/api.w.org\/{rel}","templated":true}]}}