{"id":73018,"date":"2024-10-01T20:26:42","date_gmt":"2024-10-02T02:26:42","guid":{"rendered":"https:\/\/zonaroja.com.mx\/?p=73018"},"modified":"2024-10-01T20:26:43","modified_gmt":"2024-10-02T02:26:43","slug":"continuara-claudia-sheinbaum-los-programas-sociales-y-los-ampliara","status":"publish","type":"post","link":"https:\/\/zonaroja.com.mx\/?p=73018","title":{"rendered":"Continuar\u00e1 Claudia Sheinbaum los programas sociales y los ampliar\u00e1"},"content":{"rendered":"\n<p>Redacci\u00f3n\/Zona Roja Cdmx.<\/p>\n\n\n\n<p>Ciudad de M\u00e9xico, a 1 de octubre de 2024.- Claudia Sheinbaum Pardo asumi\u00f3 este martes 1 de octubre la presidencia de M\u00e9xico, y bajo la consigna de construir el segundo piso de la Cuarta Transformaci\u00f3n en la cual los m\u00e1s desprotegidos ser\u00e1n la prioridad, la mandataria se comprometi\u00f3 a mantener todos los programas sociales y ampliar la cobertura a nuevos grupos de la poblaci\u00f3n.<\/p>\n\n\n\n<p>La nueva titular del Poder Ejecutivo record\u00f3 que en el Congreso est\u00e1 por aprobarse una reforma para establecer en la Constituci\u00f3n la continuidad de estos programas y que en el futuro nadie los pueda revertir.<\/p>\n\n\n\n<p>Pero no s\u00f3lo eso, Sheinbaum asegur\u00f3 que todos los apoyos sociales tendr\u00e1n un aumento gradual que nunca estar\u00e1 por debajo de la inflaci\u00f3n. Por ejemplo, si anualmente el aumento general de bienes y servicios es de 5%, el incremento a los programas sociales deber\u00e1 ser de al menos 5%.<\/p>\n\n\n\n<p>\u201cSe mantendr\u00e1n todos los programas del bienestar y nos aseguraremos que su incremento anual nunca est\u00e9 por debajo de la inflaci\u00f3n. Adem\u00e1s, est\u00e1 por aprobarse en el Congreso que estos derechos se vuelvan constitucionales para que nadie los pueda revertir\u201d, dijo Sheinbaum en su primer discurso como presidenta de M\u00e9xico.<\/p>\n\n\n\n<p>De acuerdo con la mandataria, los programas que se entregar\u00e1n durante su administraci\u00f3n son los siguientes:<\/p>\n\n\n\n<p>\u201cPensi\u00f3n universal para las y los adultos mayores, pensi\u00f3n universal a personas con discapacidad, becas Benito Ju\u00e1rez para estudiantes de preparatorias p\u00fablicas, becas a estudiantes de escasos recursos, Sembrando Vida, J\u00f3venes Construyendo el Futuro, producci\u00f3n y pesca para el bienestar, fertilizantes gratuitos, precios de garant\u00eda, la Escuela es Nuestra y la Cl\u00ednica es Nuestra, todos seguir\u00e1n\u201d.<\/p>\n\n\n\n<figure class=\"wp-block-image size-full\"><img decoding=\"async\" width=\"800\" height=\"533\" src=\"https:\/\/zonaroja.com.mx\/wp-content\/uploads\/2024\/10\/Claudia-Sheinbaum-4.jpg\" alt=\"\" class=\"wp-image-73021\" srcset=\"https:\/\/zonaroja.com.mx\/wp-content\/uploads\/2024\/10\/Claudia-Sheinbaum-4.jpg 800w, https:\/\/zonaroja.com.mx\/wp-content\/uploads\/2024\/10\/Claudia-Sheinbaum-4-300x200.jpg 300w, https:\/\/zonaroja.com.mx\/wp-content\/uploads\/2024\/10\/Claudia-Sheinbaum-4-768x512.jpg 768w, https:\/\/zonaroja.com.mx\/wp-content\/uploads\/2024\/10\/Claudia-Sheinbaum-4-585x390.jpg 585w, https:\/\/zonaroja.com.mx\/wp-content\/uploads\/2024\/10\/Claudia-Sheinbaum-4-263x175.jpg 263w\" sizes=\"(max-width: 800px) 100vw, 800px\" \/><\/figure>\n\n\n\n<p>Adem\u00e1s, a partir de 2025 se espera implementar tres nuevos programas de bienestar nuevos, de modo que todas las mujeres de 60 a 64 a\u00f1os tendr\u00e1n un apoyo bimestral, esto como un reconocimiento al trabajo de las mujeres mexicanas.<\/p>\n\n\n\n<p>Tambi\u00e9n, todos los alumnos de escuelas p\u00fablicas de preescolar, primaria y secundaria tendr\u00e1n una beca. Sheinbaum adelant\u00f3 que los primeros en recibir este beneficio a partir de 2025 ser\u00e1n los estudiantes de secundaria.<\/p>\n\n\n\n<p>\u201cLas y los ni\u00f1os deben ser felices, de ellas y ellos no solo es el futuro, sino el presente de M\u00e9xico\u201d, afirm\u00f3 Sheinbaum Pardo.<\/p>\n\n\n\n<p>El tercer programa que nacer\u00e1 con el nuevo sexenio es el de servicios m\u00e9dicos a los adultos mayores de todo el pa\u00eds.<\/p>\n\n\n\n<p>\u201cLlevaremos a las y los adultos mayores la prevenci\u00f3n y atenci\u00f3n a la salud a su casa. Para ello vamos a contratar 20 mil m\u00e9dicos, m\u00e9dicas, enfermeros y enfermeras\u201d, y a\u00f1adi\u00f3 que se consolidar\u00e1 el IMSS Bienestar como el mejor sistema de salud p\u00fablica, gratuita y de calidad.<\/p>\n\n\n\n<p>Entre otras acciones de pol\u00edtica social, enfatiz\u00f3 que su administraci\u00f3n pondr\u00e1 en marcha el reconocimiento constitucional de los pueblos ind\u00edgenas y afromexicanos.<\/p>\n\n\n\n<p>Los programas sociales fueron instaurados en el sexenio de Andr\u00e9s Manuel L\u00f3pez Obrador y se estima que m\u00e1s de 30 millones de habitantes son beneficiarios de alguno de ellos. Algunos de ellos, como Sembrando Vida y J\u00f3venes Construyendo el Futuro fueron exportados a pa\u00edses de Centro y Sudam\u00e9rica, para lo cual el gobierno mexicano aporta los recursos econ\u00f3micos.<\/p>\n\n\n\n<p>(Informaci\u00f3n de Infobae M\u00e9xico)<\/p>\n","protected":false},"excerpt":{"rendered":"<p>Redacci\u00f3n\/Zona Roja Cdmx. Ciudad de M\u00e9xico, a 1 de octubre de 2024.- Claudia Sheinbaum Pardo&hellip;<\/p>\n","protected":false},"author":2,"featured_media":73023,"comment_status":"closed","ping_status":"open","sticky":false,"template":"","format":"standard","meta":{"_lmt_disableupdate":"","_lmt_disable":"","_jetpack_memberships_contains_paid_content":false,"footnotes":""},"categories":[109,46],"tags":[3370],"class_list":["post-73018","post","type-post","status-publish","format-standard","has-post-thumbnail","hentry","category-minuto-a-minuto","category-zona-blanca","tag-claudia-sheinbaum"],"jetpack_featured_media_url":"https:\/\/zonaroja.com.mx\/wp-content\/uploads\/2024\/10\/Claudia-Sheinbaum2.jpg","jetpack_sharing_enabled":true,"_links":{"self":[{"href":"https:\/\/zonaroja.com.mx\/index.php?rest_route=\/wp\/v2\/posts\/73018","targetHints":{"allow":["GET"]}}],"collection":[{"href":"https:\/\/zonaroja.com.mx\/index.php?rest_route=\/wp\/v2\/posts"}],"about":[{"href":"https:\/\/zonaroja.com.mx\/index.php?rest_route=\/wp\/v2\/types\/post"}],"author":[{"embeddable":true,"href":"https:\/\/zonaroja.com.mx\/index.php?rest_route=\/wp\/v2\/users\/2"}],"replies":[{"embeddable":true,"href":"https:\/\/zonaroja.com.mx\/index.php?rest_route=%2Fwp%2Fv2%2Fcomments&post=73018"}],"version-history":[{"count":1,"href":"https:\/\/zonaroja.com.mx\/index.php?rest_route=\/wp\/v2\/posts\/73018\/revisions"}],"predecessor-version":[{"id":73024,"href":"https:\/\/zonaroja.com.mx\/index.php?rest_route=\/wp\/v2\/posts\/73018\/revisions\/73024"}],"wp:featuredmedia":[{"embeddable":true,"href":"https:\/\/zonaroja.com.mx\/index.php?rest_route=\/wp\/v2\/media\/73023"}],"wp:attachment":[{"href":"https:\/\/zonaroja.com.mx\/index.php?rest_route=%2Fwp%2Fv2%2Fmedia&parent=73018"}],"wp:term":[{"taxonomy":"category","embeddable":true,"href":"https:\/\/zonaroja.com.mx\/index.php?rest_route=%2Fwp%2Fv2%2Fcategories&post=73018"},{"taxonomy":"post_tag","embeddable":true,"href":"https:\/\/zonaroja.com.mx\/index.php?rest_route=%2Fwp%2Fv2%2Ftags&post=73018"}],"curies":[{"name":"wp","href":"https:\/\/api.w.org\/{rel}","templated":true}]}}