{"id":73025,"date":"2024-10-01T21:17:21","date_gmt":"2024-10-02T03:17:21","guid":{"rendered":"https:\/\/zonaroja.com.mx\/?p=73025"},"modified":"2024-10-01T21:17:23","modified_gmt":"2024-10-02T03:17:23","slug":"con-claudia-se-consolidara-el-segundo-piso-de-la-cuarta-transformacion-jara","status":"publish","type":"post","link":"https:\/\/zonaroja.com.mx\/?p=73025","title":{"rendered":"Con Claudia se consolidar\u00e1 el segundo piso de la Cuarta Transformaci\u00f3n: Jara"},"content":{"rendered":"\n<p>Redacci\u00f3n\/Zona Roja.&nbsp;<\/p>\n\n\n\n<p>Ciudad de M\u00e9xico, a 1 de octubre de 2024.- El gobernador de Oaxaca, Salom\u00f3n Jara Cruz, asever\u00f3 que bajo la conducci\u00f3n de la primera mujer Presidenta de M\u00e9xico, Claudia Sheinbaum Pardo, quien se ha convertido en la depositaria del esp\u00edritu humanista, se consolidar\u00e1 el segundo piso de la Cuarta Transformaci\u00f3n que permitir\u00e1 al pa\u00eds ser una naci\u00f3n m\u00e1s justa y democr\u00e1tica.<\/p>\n\n\n\n<p>Al asistir a la toma de protesta de la nueva Presidenta de M\u00e9xico en el Palacio de San L\u00e1zaro, quien asumi\u00f3 el cargo para la administraci\u00f3n 2024-2030, el Mandatario estatal celebr\u00f3 este acontecimiento hist\u00f3rico que representa para el pa\u00eds un avance trascendental en lo pol\u00edtico, social y cultural, ya que por primera vez en 200 a\u00f1os, una mujer ocupar\u00e1 la titularidad del Poder Ejecutivo Federal.<\/p>\n\n\n\n<p>\u201cEste acontecimiento obedece al mandato popular, porque ahora es el pueblo quien ocupa un papel protag\u00f3nico en los asuntos p\u00fablicos. La confianza, la dignidad y la esperanza restablecidas ser\u00e1n el faro para seguir edificando este gran pa\u00eds\u201d, afirm\u00f3.<\/p>\n\n\n\n<p>Expres\u00f3 que con esta representaci\u00f3n, se da un paso firme en la igualdad y equidad, y el destino de M\u00e9xico figura para convertirse en el mejor de todos los tiempos, con los valores e ideales cimentados por Andr\u00e9s Manuel L\u00f3pez Obrador.<\/p>\n\n\n\n<p>Asimismo, dijo, en la construcci\u00f3n del segundo piso de la Cuarta Transformaci\u00f3n, Oaxaca juega un papel importante como palanca de desarrollo a trav\u00e9s del proyecto del Corredor Interoce\u00e1nico del Istmo de Tehuantepec (CIIT).<\/p>\n\n\n\n<p>Asever\u00f3 que con las grandes obras de infraestructura como el ferrocarril y los Polos de Desarrollo Bienestar del CIIT, las autopistas a la Costa y al Istmo, as\u00ed como el Tren Maya y la Refiner\u00eda Dos Bocas, impulsados para saldar la deuda hist\u00f3rica con el sur-sureste de M\u00e9xico y detonar el desarrollo y bienestar, auguran un mayor crecimiento econ\u00f3mico para la entidad.<\/p>\n\n\n\n<p>\u201cOaxaca est\u00e1 lista para seguir en la ruta de la transformaci\u00f3n y responder a las demandas que exigen los tiempos actuales\u201d, dijo.<\/p>\n\n\n\n<p>De esta manera, Jara Cruz refrend\u00f3 el compromiso de su gobierno para seguir sumando esfuerzo junto a la Presidenta de M\u00e9xico y avanzar en la consolidaci\u00f3n de un pa\u00eds m\u00e1s pr\u00f3spero, que genere bienestar al pueblo, y anteponga el derecho de las mujeres, ni\u00f1as y adolescentes.<\/p>\n","protected":false},"excerpt":{"rendered":"<p>Redacci\u00f3n\/Zona Roja.&nbsp; Ciudad de M\u00e9xico, a 1 de octubre de 2024.- El gobernador de Oaxaca,&hellip;<\/p>\n","protected":false},"author":2,"featured_media":71431,"comment_status":"closed","ping_status":"open","sticky":false,"template":"","format":"standard","meta":{"_lmt_disableupdate":"","_lmt_disable":"","_jetpack_memberships_contains_paid_content":false,"footnotes":""},"categories":[109,46],"tags":[2441],"class_list":["post-73025","post","type-post","status-publish","format-standard","has-post-thumbnail","hentry","category-minuto-a-minuto","category-zona-blanca","tag-salmon-jara-cruz"],"jetpack_featured_media_url":"https:\/\/zonaroja.com.mx\/wp-content\/uploads\/2024\/08\/Salomon-Jara-y-Claudia-Sheinbaum.jpg","jetpack_sharing_enabled":true,"_links":{"self":[{"href":"https:\/\/zonaroja.com.mx\/index.php?rest_route=\/wp\/v2\/posts\/73025","targetHints":{"allow":["GET"]}}],"collection":[{"href":"https:\/\/zonaroja.com.mx\/index.php?rest_route=\/wp\/v2\/posts"}],"about":[{"href":"https:\/\/zonaroja.com.mx\/index.php?rest_route=\/wp\/v2\/types\/post"}],"author":[{"embeddable":true,"href":"https:\/\/zonaroja.com.mx\/index.php?rest_route=\/wp\/v2\/users\/2"}],"replies":[{"embeddable":true,"href":"https:\/\/zonaroja.com.mx\/index.php?rest_route=%2Fwp%2Fv2%2Fcomments&post=73025"}],"version-history":[{"count":1,"href":"https:\/\/zonaroja.com.mx\/index.php?rest_route=\/wp\/v2\/posts\/73025\/revisions"}],"predecessor-version":[{"id":73026,"href":"https:\/\/zonaroja.com.mx\/index.php?rest_route=\/wp\/v2\/posts\/73025\/revisions\/73026"}],"wp:featuredmedia":[{"embeddable":true,"href":"https:\/\/zonaroja.com.mx\/index.php?rest_route=\/wp\/v2\/media\/71431"}],"wp:attachment":[{"href":"https:\/\/zonaroja.com.mx\/index.php?rest_route=%2Fwp%2Fv2%2Fmedia&parent=73025"}],"wp:term":[{"taxonomy":"category","embeddable":true,"href":"https:\/\/zonaroja.com.mx\/index.php?rest_route=%2Fwp%2Fv2%2Fcategories&post=73025"},{"taxonomy":"post_tag","embeddable":true,"href":"https:\/\/zonaroja.com.mx\/index.php?rest_route=%2Fwp%2Fv2%2Ftags&post=73025"}],"curies":[{"name":"wp","href":"https:\/\/api.w.org\/{rel}","templated":true}]}}