{"id":73030,"date":"2024-10-02T08:22:00","date_gmt":"2024-10-02T14:22:00","guid":{"rendered":"https:\/\/zonaroja.com.mx\/?p=73030"},"modified":"2024-10-02T08:26:25","modified_gmt":"2024-10-02T14:26:25","slug":"aumenta-a-seis-el-numero-de-personas-fallecidas-en-oaxaca-tras-huracan","status":"publish","type":"post","link":"https:\/\/zonaroja.com.mx\/?p=73030","title":{"rendered":"Sube a seis el n\u00famero de personas fallecidas en Oaxaca tras hurac\u00e1n\u00a0"},"content":{"rendered":"\n<p>Ismael Garc\u00eda M.\/Zona Roja.<\/p>\n\n\n\n<p>Oaxaca de Ju\u00e1rez, Oax., a 2 de octubre de 2024.- El cuerpo sin vida de una persona del sexo masculino y arrastrada por la corriente de un r\u00edo fue rescatada en la localidad de La Merced El Potrero, perteneciente al municipio coste\u00f1o de San Miguel del Puerto.<\/p>\n\n\n\n<p>La v\u00edctima fue identificada como Raymundo V. H., quien intent\u00f3 cruzar el r\u00edo \u201cZimat\u00e1n\u201d el pasado 28 de septiembre, pero debido a la crecida del afluente, tras las torrenciales lluvias que trajo el hurac\u00e1n \u201cJohn\u201d, fue arrastrado.<\/p>\n\n\n\n<p>Tras intensa b\u00fasqueda por parte de corporaciones de protecci\u00f3n civil y de pobladores de La Merced, el cuerpo fue hallado el lunes 30 de septiembre cerca de la playa Barra de la Cruz.<\/p>\n\n\n\n<p>La semana pasada, un adulto mayor y su sobrino fueron hallados muertos tras un deslave sobre su vivienda, en Coicoy\u00e1n de Las Flores, municipio de la regi\u00f3n Sierra Sur del estado.<\/p>\n\n\n\n<p>D\u00edas antes tambi\u00e9n en localidades del municipio de Santiago Amoltepec, dos mujeres murieron tras las intensas lluvias registradas en la zona, distrito de Sola de Vega.<\/p>\n\n\n\n<p>El primer deceso a causa del temporal provocado por \u201cJohn\u201d fue el de una persona del sexo masculino, de San Jos\u00e9 del Pe\u00f1asco, perteneciente al municipio de Miahuatl\u00e1n del R\u00edo, quien fue arrastrado por la corriente de un r\u00edo.<\/p>\n","protected":false},"excerpt":{"rendered":"<p>Ismael Garc\u00eda M.\/Zona Roja. Oaxaca de Ju\u00e1rez, Oax., a 2 de octubre de 2024.- El&hellip;<\/p>\n","protected":false},"author":2,"featured_media":73031,"comment_status":"closed","ping_status":"open","sticky":false,"template":"","format":"standard","meta":{"_lmt_disableupdate":"","_lmt_disable":"","_jetpack_memberships_contains_paid_content":false,"footnotes":""},"categories":[109,47],"tags":[2032],"class_list":["post-73030","post","type-post","status-publish","format-standard","has-post-thumbnail","hentry","category-minuto-a-minuto","category-zona-gris","tag-muertos-por-lluvias-oaxaca"],"jetpack_featured_media_url":"https:\/\/zonaroja.com.mx\/wp-content\/uploads\/2024\/10\/Localizan-cuerpo-La-Merce-El-Potrero-San-Miguel-del-Puerto.jpg","jetpack_sharing_enabled":true,"_links":{"self":[{"href":"https:\/\/zonaroja.com.mx\/index.php?rest_route=\/wp\/v2\/posts\/73030","targetHints":{"allow":["GET"]}}],"collection":[{"href":"https:\/\/zonaroja.com.mx\/index.php?rest_route=\/wp\/v2\/posts"}],"about":[{"href":"https:\/\/zonaroja.com.mx\/index.php?rest_route=\/wp\/v2\/types\/post"}],"author":[{"embeddable":true,"href":"https:\/\/zonaroja.com.mx\/index.php?rest_route=\/wp\/v2\/users\/2"}],"replies":[{"embeddable":true,"href":"https:\/\/zonaroja.com.mx\/index.php?rest_route=%2Fwp%2Fv2%2Fcomments&post=73030"}],"version-history":[{"count":2,"href":"https:\/\/zonaroja.com.mx\/index.php?rest_route=\/wp\/v2\/posts\/73030\/revisions"}],"predecessor-version":[{"id":73041,"href":"https:\/\/zonaroja.com.mx\/index.php?rest_route=\/wp\/v2\/posts\/73030\/revisions\/73041"}],"wp:featuredmedia":[{"embeddable":true,"href":"https:\/\/zonaroja.com.mx\/index.php?rest_route=\/wp\/v2\/media\/73031"}],"wp:attachment":[{"href":"https:\/\/zonaroja.com.mx\/index.php?rest_route=%2Fwp%2Fv2%2Fmedia&parent=73030"}],"wp:term":[{"taxonomy":"category","embeddable":true,"href":"https:\/\/zonaroja.com.mx\/index.php?rest_route=%2Fwp%2Fv2%2Fcategories&post=73030"},{"taxonomy":"post_tag","embeddable":true,"href":"https:\/\/zonaroja.com.mx\/index.php?rest_route=%2Fwp%2Fv2%2Ftags&post=73030"}],"curies":[{"name":"wp","href":"https:\/\/api.w.org\/{rel}","templated":true}]}}