{"id":73039,"date":"2024-10-02T10:23:00","date_gmt":"2024-10-02T16:23:00","guid":{"rendered":"https:\/\/zonaroja.com.mx\/?p=73039"},"modified":"2024-10-02T08:24:47","modified_gmt":"2024-10-02T14:24:47","slug":"cuales-son-los-compromisos-que-hizo-claudia-sheinbaum-con-oaxaca","status":"publish","type":"post","link":"https:\/\/zonaroja.com.mx\/?p=73039","title":{"rendered":"\u00bfCu\u00e1les son los compromisos que hizo Claudia Sheinbaum con Oaxaca?"},"content":{"rendered":"\n<p>Ismael Garc\u00eda M.\/Zona Roja.<\/p>\n\n\n\n<p>Oaxaca de Ju\u00e1rez, Oax., a 2 de octubre de 2024.- En su primer mensaje desde el z\u00f3calo de la Ciudad de M\u00e9xico, la Presidenta de M\u00e9xico, Claudia Sheinbaum Pardo, anunci\u00f3 diversos apoyos y obras prioritarias para el estado de Oaxaca.<\/p>\n\n\n\n<p>Entre ellos, continuar con el programa de Caminos Artesanales, de los cuales durante el sexenio de Andr\u00e9s Manuel L\u00f3pez Obrador se concluyeron poco m\u00e1s de 200.<\/p>\n\n\n\n<p>Asimismo, la construcci\u00f3n de la supercarretera Oaxaca-Tuxtepec, que ya se ha anunciado en el sexenio obradorista e incluso ya se hab\u00edan presentado el proyecto; la v\u00eda federal 175 actualmente es de alrededor de 206 kil\u00f3metros y se cruzan en un lapso de cinco horas.<\/p>\n\n\n\n<p>Asimismo, la ampliaci\u00f3n del aeropuerto de Puerto Escondido, en la Costa oaxaque\u00f1a, igualmente obra ya anunciada con anterioridad.<\/p>\n\n\n\n<p>De la misma manera, el saneamiento del r\u00edo \u201cAtoyac\u201d, para lo cual incluso hay una orden judicial federal, que no se ha acatado, para que se limpien no solamente ese afluente, sino tambi\u00e9n el \u201cSalado\u201d y otros de las regiones Cuenca, Istmo y Costa.<\/p>\n\n\n\n<p>Sheinbaum Parto ofreci\u00f3 tambi\u00e9n la planta reciclada, cuyo Centro Integral de Revalorizaci\u00f3n de Residuos S\u00f3lidos Urbanos, tiene casi dos a\u00f1os de haber sido anunciado por el gobierno estatal y hasta la fecha no se ha concretado.<\/p>\n\n\n\n<p>De la misma manera, la Presidenta de M\u00e9xico dio a conocer proyectos de acceso humano al agua, que se presume ser\u00eda el ya anunciado por el mandatario Salom\u00f3n Jara Cruz, en la presa \u201cPaso Ancho\u201d, en los l\u00edmites del municipio de Villa Sola de Vega con San Vicente Coatl\u00e1n, que a su vez ya hab\u00eda sido anunciado e iniciado en el gobierno de Gabino Cu\u00e9 Monteagudo.<\/p>\n\n\n\n<p>\u201cNos llena de orgullo y esperanza saber que para nuestra Presidenta, Oaxaca sigue siendo una prioridad\u201d, difundir el mandatario estatal en sus redes sociales.<\/p>\n","protected":false},"excerpt":{"rendered":"<p>Ismael Garc\u00eda M.\/Zona Roja. Oaxaca de Ju\u00e1rez, Oax., a 2 de octubre de 2024.- En&hellip;<\/p>\n","protected":false},"author":2,"featured_media":73020,"comment_status":"closed","ping_status":"open","sticky":false,"template":"","format":"standard","meta":{"_lmt_disableupdate":"","_lmt_disable":"","_jetpack_memberships_contains_paid_content":false,"footnotes":""},"categories":[109,46],"tags":[3370],"class_list":["post-73039","post","type-post","status-publish","format-standard","has-post-thumbnail","hentry","category-minuto-a-minuto","category-zona-blanca","tag-claudia-sheinbaum"],"jetpack_featured_media_url":"https:\/\/zonaroja.com.mx\/wp-content\/uploads\/2024\/10\/Claudia-Sheinbaum-3-1.jpg","jetpack_sharing_enabled":true,"_links":{"self":[{"href":"https:\/\/zonaroja.com.mx\/index.php?rest_route=\/wp\/v2\/posts\/73039","targetHints":{"allow":["GET"]}}],"collection":[{"href":"https:\/\/zonaroja.com.mx\/index.php?rest_route=\/wp\/v2\/posts"}],"about":[{"href":"https:\/\/zonaroja.com.mx\/index.php?rest_route=\/wp\/v2\/types\/post"}],"author":[{"embeddable":true,"href":"https:\/\/zonaroja.com.mx\/index.php?rest_route=\/wp\/v2\/users\/2"}],"replies":[{"embeddable":true,"href":"https:\/\/zonaroja.com.mx\/index.php?rest_route=%2Fwp%2Fv2%2Fcomments&post=73039"}],"version-history":[{"count":1,"href":"https:\/\/zonaroja.com.mx\/index.php?rest_route=\/wp\/v2\/posts\/73039\/revisions"}],"predecessor-version":[{"id":73040,"href":"https:\/\/zonaroja.com.mx\/index.php?rest_route=\/wp\/v2\/posts\/73039\/revisions\/73040"}],"wp:featuredmedia":[{"embeddable":true,"href":"https:\/\/zonaroja.com.mx\/index.php?rest_route=\/wp\/v2\/media\/73020"}],"wp:attachment":[{"href":"https:\/\/zonaroja.com.mx\/index.php?rest_route=%2Fwp%2Fv2%2Fmedia&parent=73039"}],"wp:term":[{"taxonomy":"category","embeddable":true,"href":"https:\/\/zonaroja.com.mx\/index.php?rest_route=%2Fwp%2Fv2%2Fcategories&post=73039"},{"taxonomy":"post_tag","embeddable":true,"href":"https:\/\/zonaroja.com.mx\/index.php?rest_route=%2Fwp%2Fv2%2Ftags&post=73039"}],"curies":[{"name":"wp","href":"https:\/\/api.w.org\/{rel}","templated":true}]}}