{"id":7304,"date":"2020-01-04T18:55:12","date_gmt":"2020-01-05T00:55:12","guid":{"rendered":"http:\/\/www.zonaroja.com.mx\/?p=7304"},"modified":"2020-01-04T18:55:14","modified_gmt":"2020-01-05T00:55:14","slug":"denuncian-grave-inseguridad-en-huautla-exigen-la-renuncia-del-edil","status":"publish","type":"post","link":"https:\/\/zonaroja.com.mx\/?p=7304","title":{"rendered":"Denuncian grave inseguridad en Huautla; exigen la renuncia del edil"},"content":{"rendered":"\n<p>Redacci\u00f3n\/Zona\nRoja.<\/p>\n\n\n\n<p>Oaxaca\nde Ju\u00e1rez, Oax., 4 de enero de 2020.- De nueva cuenta pero esta vez en la\ncapital de Oaxaca, expresidentes municipales, personas caracterizadas y\nfamiliares de personas desaparecidas de Huautla de Jim\u00e9nez, exigieron la\nrenuncia del actual edil \u00d3scar Peralta Allende, debido al incremento de la\nviolencia en la zona y la falta de garant\u00edas en la seguridad de la poblaci\u00f3n.<\/p>\n\n\n\n<p>Vicente\nCerqueda Estrada, familiar de Juan Cerqueda &#8211;desaparecido en 15 de junio del\n2019&#8211;, asegur\u00f3 que lejos de tomar medidas al respecto de la inseguridad y\nviolencia en la localidad, las desapariciones contin\u00faan y los actos delictivos\nest\u00e1n a la alza de forma incontrolable, debido a la falta de acci\u00f3n por parte\nde las autoridades municipales.<\/p>\n\n\n\n<p>\u201cHoy\nvenimos a esta capital de Oaxaca para realizar las denuncias correspondientes\nante los hechos de violencia e inseguridad que se han estado viviendo en\nnuestro municipio.<\/p>\n\n\n\n<p>\u201cFuimos\nlos primeros familiares de desaparecidos en pedir la renuncia inmediata de \u00d3scar\nPeralta Allende por la ineptitud y la forma de robarse el recurso econ\u00f3mico de\nnuestra localidad\u201d, dijo en conferencia de prensa a las afueras de Palacio de\nGobierno.<\/p>\n\n\n\n<p>Por su parte, Arturo Pineda Jim\u00e9nez, expresidente municipal de la localidad en el periodo del 2011-2013, manifest\u00f3 que iniciaran con los tr\u00e1mites necesarios ante el Congreso local para conseguir la desaparici\u00f3n de poderes en Huautla, debido a un clima de inseguridad que se vive, aunado al creciente n\u00famero de desapariciones que les mantiene es un estado de emergencia.<\/p>\n\n\n\n<figure class=\"wp-block-embed-twitter wp-block-embed is-type-rich is-provider-twitter\"><div class=\"wp-block-embed__wrapper\">\n<div class=\"twitter-tweet\"><blockquote class=\"twitter-tweet\" data-lang=\"es\"><p lang=\"es\" dir=\"ltr\">Pobladores y exautoridades de Huautla de Jim\u00e9nez denunciaron hoy en la capital oaxaque\u00f1a la grave situaci\u00f3n de violencia en ese municipio mazateco: pidieron tambi\u00e9n la renuncia del edil \u00d3scar Peralta. <a href=\"https:\/\/t.co\/IivaeKGaE0\">pic.twitter.com\/IivaeKGaE0<\/a><\/p>&mdash; Zona Roja Oaxaca (@MexRoja) <a href=\"https:\/\/twitter.com\/MexRoja\/status\/1213621157426892801?ref_src=twsrc%5Etfw\">5 de enero de 2020<\/a><\/blockquote><\/div>\n<\/div><\/figure>\n\n\n\n<p>\u201cNo\nnos queda ninguna duda que la responsabilidad en el incremento de la\ninseguridad y violencia en la zona es el presidente municipal; lo digo con\nconocimiento de causa porque yo fui edil y no hay quien pueda cuidar mejor a su\npueblo que la autoridad municipal\u201d, dijo.<\/p>\n\n\n\n<p>Asegur\u00f3\nque la solicitud de destituci\u00f3n del edil \u00d3scar Peralta &#8211;surgido del Partido\nMorena&#8211; no es pol\u00edtica y responde \u00fanicamente a la grave situaci\u00f3n que se vive\nen la localidad en perjuicio de la poblaci\u00f3n, raz\u00f3n por la que insistir\u00e1n en la\ndesaparici\u00f3n de poderes.<\/p>\n\n\n\n<p>As\u00ed\nmismo, lamentaron el discurso de que la entidad sea una de las m\u00e1s seguras en\nel pa\u00eds que difunden las autoridades estatales, el cual se echa abajo con lo\nque se vive en Huautla y otras regiones como el Istmo y la Cuenca donde la\nviolencia esta terrible y se tiene que atender en beneficio de quienes habitan\nen estas.<\/p>\n\n\n\n<p>En\nnoviembre del 2019, familiares de personas desaparecidas en el municipio\nhicieron presencia en la capital del estado para exigir la renuncia del\npresidente municipal, Oscar Peralta Allende, ante la falta de resultados en\ntemas de seguridad y obra social en beneficio de la comunidad.<\/p>\n\n\n\n<p>As\u00ed\nmismo pidieron la aparici\u00f3n con vida de sus familiares Fausto R\u00edos, Fernando\nOrea, Juan Cerqueda, Juventino Mart\u00ednez, David Ju\u00e1rez, Efr\u00e9n Mart\u00ednez e Iv\u00e1n\nMart\u00ednez, quienes desaparecieron entre diciembre del 2018 y julio del 2019.<\/p>\n","protected":false},"excerpt":{"rendered":"<p>Redacci\u00f3n\/Zona Roja. Oaxaca de Ju\u00e1rez, Oax., 4 de enero de 2020.- De nueva cuenta pero&hellip;<\/p>\n","protected":false},"author":2,"featured_media":7305,"comment_status":"closed","ping_status":"open","sticky":false,"template":"","format":"standard","meta":{"_lmt_disableupdate":"","_lmt_disable":"","_jetpack_memberships_contains_paid_content":false,"footnotes":""},"categories":[109,47],"tags":[203],"class_list":["post-7304","post","type-post","status-publish","format-standard","has-post-thumbnail","hentry","category-minuto-a-minuto","category-zona-gris","tag-huautla-de-jimenez"],"jetpack_featured_media_url":"https:\/\/zonaroja.com.mx\/wp-content\/uploads\/2020\/01\/Caso-Huautla.jpg","jetpack_sharing_enabled":true,"_links":{"self":[{"href":"https:\/\/zonaroja.com.mx\/index.php?rest_route=\/wp\/v2\/posts\/7304","targetHints":{"allow":["GET"]}}],"collection":[{"href":"https:\/\/zonaroja.com.mx\/index.php?rest_route=\/wp\/v2\/posts"}],"about":[{"href":"https:\/\/zonaroja.com.mx\/index.php?rest_route=\/wp\/v2\/types\/post"}],"author":[{"embeddable":true,"href":"https:\/\/zonaroja.com.mx\/index.php?rest_route=\/wp\/v2\/users\/2"}],"replies":[{"embeddable":true,"href":"https:\/\/zonaroja.com.mx\/index.php?rest_route=%2Fwp%2Fv2%2Fcomments&post=7304"}],"version-history":[{"count":1,"href":"https:\/\/zonaroja.com.mx\/index.php?rest_route=\/wp\/v2\/posts\/7304\/revisions"}],"predecessor-version":[{"id":7306,"href":"https:\/\/zonaroja.com.mx\/index.php?rest_route=\/wp\/v2\/posts\/7304\/revisions\/7306"}],"wp:featuredmedia":[{"embeddable":true,"href":"https:\/\/zonaroja.com.mx\/index.php?rest_route=\/wp\/v2\/media\/7305"}],"wp:attachment":[{"href":"https:\/\/zonaroja.com.mx\/index.php?rest_route=%2Fwp%2Fv2%2Fmedia&parent=7304"}],"wp:term":[{"taxonomy":"category","embeddable":true,"href":"https:\/\/zonaroja.com.mx\/index.php?rest_route=%2Fwp%2Fv2%2Fcategories&post=7304"},{"taxonomy":"post_tag","embeddable":true,"href":"https:\/\/zonaroja.com.mx\/index.php?rest_route=%2Fwp%2Fv2%2Ftags&post=7304"}],"curies":[{"name":"wp","href":"https:\/\/api.w.org\/{rel}","templated":true}]}}