{"id":73044,"date":"2024-10-02T12:31:00","date_gmt":"2024-10-02T18:31:00","guid":{"rendered":"https:\/\/zonaroja.com.mx\/?p=73044"},"modified":"2024-10-02T08:33:10","modified_gmt":"2024-10-02T14:33:10","slug":"anuncia-sedena-compra-de-equipo-tecnologico-para-oaxaca-y-otros-estados","status":"publish","type":"post","link":"https:\/\/zonaroja.com.mx\/?p=73044","title":{"rendered":"Anuncia Sedena compra de equipo tecnol\u00f3gico para Oaxaca y otros estados"},"content":{"rendered":"\n<p>Redacci\u00f3n\/Zona Roja Cdmx.<\/p>\n\n\n\n<p>Ciudad de M\u00e9xico, a 2 de octubre de 2024.- De cara al inicio de un nuevo sexenio, la Secretar\u00eda de la Defensa Nacional (Sedena) buscar\u00e1 actualizar parte del equipo que utiliza para combatir al crimen organizado, pero no se trata de dispositivos de ataque o armamento.<\/p>\n\n\n\n<p>De acuerdo con el proyecto de inversi\u00f3n 2024 de la instituci\u00f3n, consultado por el diario Milenio, la Sedena proyecta un gasto de 607.4 millones de pesos para la adquisici\u00f3n de equipamiento de comunicaci\u00f3n. Se trata de 917 equipos de transmisi\u00f3n y 728 terminales satelitales.<\/p>\n\n\n\n<p>Seg\u00fan se expone en el documento, la compra e instalaci\u00f3n de este equipamiento de alta capacitad operativa \u201cmaterializar\u00e1 un enlace de comunicaci\u00f3n en las operaciones\u201d, misma que permitir\u00e1 coadyuvar con la seguridad p\u00fablica.<\/p>\n\n\n\n<p>\u201cLa adquisici\u00f3n de sistemas de comunicaci\u00f3n con tecnolog\u00eda reciente incrementa la productividad con seguridad y calidad requerida del servicio de comunicaciones\u201d, argument\u00f3 la Sedena, seg\u00fan el medio ya citado.<\/p>\n\n\n\n<p>El equipo, se refiere en el proyecto, se implementar\u00e1 en estados como Jalisco, Puebla, Chiapas, Oaxaca y Yucat\u00e1n.<\/p>\n\n\n\n<p>Aunque la Sedena aclar\u00f3 que el equipo con el que la instituci\u00f3n opera en la actualidad es funcional, se han registrado casos en donde la cobertura no es completa. Entre otras cosas, la comunicaci\u00f3n fluida es esencial para responder a llamados de emergencia durante emboscadas o situaciones donde el personal est\u00e9 en peligro.<\/p>\n\n\n\n<p>Por ello, argumentan que es fundamental:<\/p>\n\n\n\n<p>\u201cFortalecer los sistemas de telecomunicaciones de la Sedena, mediante la adquisici\u00f3n de equipos de nueva tecnolog\u00eda que permitan incrementar las capacidades de comunicaciones de los organismos del Ej\u00e9rcito y F.A.M.\u201d.<\/p>\n\n\n\n<p>Durante el gobierno del presidente Andr\u00e9s Manuel L\u00f3pez Obrador se registr\u00f3 un incremento considerable en el presupuesto otorgado a la Sedena, al pasar de 81,021 millones de pesos (2018) a 259,433 millones de pesos (2024).<\/p>\n\n\n\n<p>Lo mismo ocurri\u00f3 con la Secretar\u00eda de Marina (Semar), quien al inicio del sexenio de L\u00f3pez Obrador ejerci\u00f3 un presupuesto de 31,305 millones de pesos y concluy\u00f3 con 71,888 millones de pesos.<\/p>\n\n\n\n<p>(Informaci\u00f3n de Infobae M\u00e9xico)<\/p>\n","protected":false},"excerpt":{"rendered":"<p>Redacci\u00f3n\/Zona Roja Cdmx. Ciudad de M\u00e9xico, a 2 de octubre de 2024.- De cara al&hellip;<\/p>\n","protected":false},"author":2,"featured_media":73045,"comment_status":"closed","ping_status":"open","sticky":false,"template":"","format":"standard","meta":{"_lmt_disableupdate":"","_lmt_disable":"","_jetpack_memberships_contains_paid_content":false,"footnotes":""},"categories":[109,47],"tags":[],"class_list":["post-73044","post","type-post","status-publish","format-standard","has-post-thumbnail","hentry","category-minuto-a-minuto","category-zona-gris"],"jetpack_featured_media_url":"https:\/\/zonaroja.com.mx\/wp-content\/uploads\/2024\/10\/Sedena-Ejercito-Mexicano.jpg","jetpack_sharing_enabled":true,"_links":{"self":[{"href":"https:\/\/zonaroja.com.mx\/index.php?rest_route=\/wp\/v2\/posts\/73044","targetHints":{"allow":["GET"]}}],"collection":[{"href":"https:\/\/zonaroja.com.mx\/index.php?rest_route=\/wp\/v2\/posts"}],"about":[{"href":"https:\/\/zonaroja.com.mx\/index.php?rest_route=\/wp\/v2\/types\/post"}],"author":[{"embeddable":true,"href":"https:\/\/zonaroja.com.mx\/index.php?rest_route=\/wp\/v2\/users\/2"}],"replies":[{"embeddable":true,"href":"https:\/\/zonaroja.com.mx\/index.php?rest_route=%2Fwp%2Fv2%2Fcomments&post=73044"}],"version-history":[{"count":1,"href":"https:\/\/zonaroja.com.mx\/index.php?rest_route=\/wp\/v2\/posts\/73044\/revisions"}],"predecessor-version":[{"id":73046,"href":"https:\/\/zonaroja.com.mx\/index.php?rest_route=\/wp\/v2\/posts\/73044\/revisions\/73046"}],"wp:featuredmedia":[{"embeddable":true,"href":"https:\/\/zonaroja.com.mx\/index.php?rest_route=\/wp\/v2\/media\/73045"}],"wp:attachment":[{"href":"https:\/\/zonaroja.com.mx\/index.php?rest_route=%2Fwp%2Fv2%2Fmedia&parent=73044"}],"wp:term":[{"taxonomy":"category","embeddable":true,"href":"https:\/\/zonaroja.com.mx\/index.php?rest_route=%2Fwp%2Fv2%2Fcategories&post=73044"},{"taxonomy":"post_tag","embeddable":true,"href":"https:\/\/zonaroja.com.mx\/index.php?rest_route=%2Fwp%2Fv2%2Ftags&post=73044"}],"curies":[{"name":"wp","href":"https:\/\/api.w.org\/{rel}","templated":true}]}}