{"id":73047,"date":"2024-10-02T17:12:08","date_gmt":"2024-10-02T23:12:08","guid":{"rendered":"https:\/\/zonaroja.com.mx\/?p=73047"},"modified":"2024-10-02T17:23:03","modified_gmt":"2024-10-02T23:23:03","slug":"ejecutan-a-dos-individuos-en-ocotlan-oaxaca-y-lesionan-a-otro","status":"publish","type":"post","link":"https:\/\/zonaroja.com.mx\/?p=73047","title":{"rendered":"Ejecutan a dos individuos en Ocotl\u00e1n, Oaxaca, y lesionan a otro"},"content":{"rendered":"\n<p>Raymundo Morales\/Zona Roja.<\/p>\n\n\n\n<p>Oaxaca de Ju\u00e1rez, Oax., a 2 de octubre de 2024.- Un ataque armado registrado esta tarde en el municipio de Ocotl\u00e1n de Morelos, dej\u00f3 como saldo dos personas fallecidas y dos m\u00e1s lesionadas.<\/p>\n\n\n\n<p>Los hechos ocurrieron cerca de las 14:00 horas en una bodega de ma\u00edz ubicada en la calle 16 de Septiembre esquina con Venustiano Carranza de dicha demarcaci\u00f3n, ubicada a unos 30 kil\u00f3metros al sur de la ciudad de Oaxaca.<\/p>\n\n\n\n<p>Hasta el momento las v\u00edctimas no han sido identificadas mientras que el herido respondi\u00f3 al nombre de Reynaldo V. H., de 22 a\u00f1os de edad.<\/p>\n\n\n\n<p>De acuerdo con testigos, al menos dos sujetos a bordo de una motocicleta arribaron al sitio y dispararon de manera directa en contra de las personas que se hallaban en el establecimiento, tras lo cual huyeron.<\/p>\n\n\n\n<p>Corporaciones policiacas arribaron al sitio pero \u00fanicamente para acordonar el \u00e1rea del delito, donde se hallaron al menos 30 casquillos percutidos de armas de grueso calibre.<\/p>\n\n\n\n<p>Por otra parte, tambi\u00e9n esta tarde pero en la agencia de Cinco Se\u00f1ores, del municipio de Oaxaca de Ju\u00e1rez, un hombre fue atacado a balazos, presuntamente por resistirse a un asalto.<\/p>\n\n\n\n<p>Los hechos ocurrieron en la calle Privada 10 de Abril, hasta donde llegaron polic\u00edas municipales pero de nueva cuenta tarde, pues el o los agresores ya hab\u00edan logrado escapar; la v\u00edctima fue llevada a un hospital.<\/p>\n\n\n\n<p>De \u00faltima hora se inform\u00f3 tambi\u00e9n que otra persona del sexo masculino fue lesionada por arma blanca en la calle de Trujano, centro de la ciudad de Oaxaca; hasta el momento no hay m\u00e1s detalles de este hecho.<\/p>\n","protected":false},"excerpt":{"rendered":"<p>Raymundo Morales\/Zona Roja. Oaxaca de Ju\u00e1rez, Oax., a 2 de octubre de 2024.- Un ataque&hellip;<\/p>\n","protected":false},"author":2,"featured_media":73048,"comment_status":"closed","ping_status":"open","sticky":false,"template":"","format":"standard","meta":{"_lmt_disableupdate":"","_lmt_disable":"","_jetpack_memberships_contains_paid_content":false,"footnotes":""},"categories":[109,51],"tags":[835],"class_list":["post-73047","post","type-post","status-publish","format-standard","has-post-thumbnail","hentry","category-minuto-a-minuto","category-zona-roja","tag-ocotlan-de-morelos"],"jetpack_featured_media_url":"https:\/\/zonaroja.com.mx\/wp-content\/uploads\/2024\/10\/Ejecutados-en-Ocotlan-de-Morelos.jpg","jetpack_sharing_enabled":true,"_links":{"self":[{"href":"https:\/\/zonaroja.com.mx\/index.php?rest_route=\/wp\/v2\/posts\/73047","targetHints":{"allow":["GET"]}}],"collection":[{"href":"https:\/\/zonaroja.com.mx\/index.php?rest_route=\/wp\/v2\/posts"}],"about":[{"href":"https:\/\/zonaroja.com.mx\/index.php?rest_route=\/wp\/v2\/types\/post"}],"author":[{"embeddable":true,"href":"https:\/\/zonaroja.com.mx\/index.php?rest_route=\/wp\/v2\/users\/2"}],"replies":[{"embeddable":true,"href":"https:\/\/zonaroja.com.mx\/index.php?rest_route=%2Fwp%2Fv2%2Fcomments&post=73047"}],"version-history":[{"count":2,"href":"https:\/\/zonaroja.com.mx\/index.php?rest_route=\/wp\/v2\/posts\/73047\/revisions"}],"predecessor-version":[{"id":73050,"href":"https:\/\/zonaroja.com.mx\/index.php?rest_route=\/wp\/v2\/posts\/73047\/revisions\/73050"}],"wp:featuredmedia":[{"embeddable":true,"href":"https:\/\/zonaroja.com.mx\/index.php?rest_route=\/wp\/v2\/media\/73048"}],"wp:attachment":[{"href":"https:\/\/zonaroja.com.mx\/index.php?rest_route=%2Fwp%2Fv2%2Fmedia&parent=73047"}],"wp:term":[{"taxonomy":"category","embeddable":true,"href":"https:\/\/zonaroja.com.mx\/index.php?rest_route=%2Fwp%2Fv2%2Fcategories&post=73047"},{"taxonomy":"post_tag","embeddable":true,"href":"https:\/\/zonaroja.com.mx\/index.php?rest_route=%2Fwp%2Fv2%2Ftags&post=73047"}],"curies":[{"name":"wp","href":"https:\/\/api.w.org\/{rel}","templated":true}]}}