{"id":73051,"date":"2024-10-02T18:04:10","date_gmt":"2024-10-03T00:04:10","guid":{"rendered":"https:\/\/zonaroja.com.mx\/?p=73051"},"modified":"2024-10-02T18:04:12","modified_gmt":"2024-10-03T00:04:12","slug":"detiene-fiscalia-a-dueno-de-perros-que-atacaron-a-isidra-torres","status":"publish","type":"post","link":"https:\/\/zonaroja.com.mx\/?p=73051","title":{"rendered":"Detiene Fiscal\u00eda a due\u00f1o de perros que atacaron a Isidra Torres"},"content":{"rendered":"\n<p>Raymundo Morales\/Zona Roja.&nbsp;<\/p>\n\n\n\n<p>Oaxaca de Ju\u00e1rez, Oax., a 2 de octubre de 2024.-Personal de la Fiscal\u00eda General del Estado de Oaxaca (FGEO) ejecut\u00f3 una orden de aprehensi\u00f3n contra una persona del sexo masculino identificado como Marcelino O.C., por el delito de homicidio culposo, cometido en agravio de Isidra Torres Hern\u00e1ndez, hechos ocurridos en San Francisco Tutla, en el municipio de Santa Luc\u00eda del Camino.<\/p>\n\n\n\n<p>El mandato fue aplicado cuando el presunto due\u00f1o de los perros de raza Pitbull acud\u00eda a una diligencia a la sede de la Fiscal\u00eda ubicada en la calle Arista, del centro de la ciudad capital. &nbsp;<\/p>\n\n\n\n<p>De acuerdo con el expediente penal del caso, los hechos ocurrieron el 1 de septiembre de 2024, mientras la v\u00edctima caminaba por la tercera privada de Surcos Largos de San Francisco Tutla, perteneciente al municipio de Santa Luc\u00eda del Camino, cuando fue atacada por unos perros -propiedad de un vecino-, los cuales ocasionaron diversas lesiones en diferentes partes del cuerpo de la v\u00edctima a consecuencia de las cuales perdi\u00f3 la vida el pasado s\u00e1bado mientras recib\u00eda atenci\u00f3n m\u00e9dica.<\/p>\n\n\n\n<p>En un comunicado, la instituci\u00f3n detall\u00f3 que ante estos hechos, inici\u00f3 las investigaciones correspondientes, obteniendo resultados con los que se solicit\u00f3 una orden de aprehensi\u00f3n en contra del due\u00f1o de los animales.<\/p>\n\n\n\n<p>Luego de la detenci\u00f3n la citada persona, fue puesto a disposici\u00f3n de la autoridad ministerial correspondiente para determinar su situaci\u00f3n jur\u00eddica.<\/p>\n\n\n\n<p>La Fiscal\u00eda General reiter\u00f3 su compromiso de brindar acompa\u00f1amiento a las v\u00edctimas directas e indirectas para que logren una reparaci\u00f3n integral del da\u00f1o, pues es prioridad del organismo procurador de justicia la protecci\u00f3n de los derechos de las v\u00edctimas, por lo que realizar\u00e1 todas las acciones necesarias para que no haya impunidad en este caso.<\/p>\n","protected":false},"excerpt":{"rendered":"<p>Raymundo Morales\/Zona Roja.&nbsp; Oaxaca de Ju\u00e1rez, Oax., a 2 de octubre de 2024.-Personal de la&hellip;<\/p>\n","protected":false},"author":2,"featured_media":73052,"comment_status":"closed","ping_status":"open","sticky":false,"template":"","format":"standard","meta":{"_lmt_disableupdate":"","_lmt_disable":"","_jetpack_memberships_contains_paid_content":false,"footnotes":""},"categories":[109,46],"tags":[494,4066],"class_list":["post-73051","post","type-post","status-publish","format-standard","has-post-thumbnail","hentry","category-minuto-a-minuto","category-zona-blanca","tag-fiscalia-general-del-estado-de-oaxaca","tag-isidra-torres"],"jetpack_featured_media_url":"https:\/\/zonaroja.com.mx\/wp-content\/uploads\/2024\/10\/Detenido-dueno-perros-caso-Isidra-Torres.jpg","jetpack_sharing_enabled":true,"_links":{"self":[{"href":"https:\/\/zonaroja.com.mx\/index.php?rest_route=\/wp\/v2\/posts\/73051","targetHints":{"allow":["GET"]}}],"collection":[{"href":"https:\/\/zonaroja.com.mx\/index.php?rest_route=\/wp\/v2\/posts"}],"about":[{"href":"https:\/\/zonaroja.com.mx\/index.php?rest_route=\/wp\/v2\/types\/post"}],"author":[{"embeddable":true,"href":"https:\/\/zonaroja.com.mx\/index.php?rest_route=\/wp\/v2\/users\/2"}],"replies":[{"embeddable":true,"href":"https:\/\/zonaroja.com.mx\/index.php?rest_route=%2Fwp%2Fv2%2Fcomments&post=73051"}],"version-history":[{"count":1,"href":"https:\/\/zonaroja.com.mx\/index.php?rest_route=\/wp\/v2\/posts\/73051\/revisions"}],"predecessor-version":[{"id":73053,"href":"https:\/\/zonaroja.com.mx\/index.php?rest_route=\/wp\/v2\/posts\/73051\/revisions\/73053"}],"wp:featuredmedia":[{"embeddable":true,"href":"https:\/\/zonaroja.com.mx\/index.php?rest_route=\/wp\/v2\/media\/73052"}],"wp:attachment":[{"href":"https:\/\/zonaroja.com.mx\/index.php?rest_route=%2Fwp%2Fv2%2Fmedia&parent=73051"}],"wp:term":[{"taxonomy":"category","embeddable":true,"href":"https:\/\/zonaroja.com.mx\/index.php?rest_route=%2Fwp%2Fv2%2Fcategories&post=73051"},{"taxonomy":"post_tag","embeddable":true,"href":"https:\/\/zonaroja.com.mx\/index.php?rest_route=%2Fwp%2Fv2%2Ftags&post=73051"}],"curies":[{"name":"wp","href":"https:\/\/api.w.org\/{rel}","templated":true}]}}