{"id":73054,"date":"2024-10-02T20:34:23","date_gmt":"2024-10-03T02:34:23","guid":{"rendered":"https:\/\/zonaroja.com.mx\/?p=73054"},"modified":"2024-10-02T20:34:25","modified_gmt":"2024-10-03T02:34:25","slug":"primera-masacre-en-gobierno-de-claudia-sheinbaum-perpetrada-por-militares","status":"publish","type":"post","link":"https:\/\/zonaroja.com.mx\/?p=73054","title":{"rendered":"Primera masacre en gobierno de Claudia Sheinbaum\u2026 perpetrada por militares"},"content":{"rendered":"\n<p>Redacci\u00f3n\/Zona Roja Cdmx.<\/p>\n\n\n\n<p>Ciudad de M\u00e9xico, a 2 de octubre de 2024.- Elementos del Ej\u00e9rcito Mexicano \u201cconfundieron\u201d en Chiapas a migrantes con grupos de la delincuencia organizada, por lo que dispararon en contra de ellos y mataron a cuatro; 12 m\u00e1s resultaron lesionados y dos de ellos murieron en un hospital.<\/p>\n\n\n\n<p>La Secretar\u00eda de la Defensa Nacional (Sedena) reconoci\u00f3 el hecho \u2014que representa la primera masacre en el gobierno de Claudia Sheinbaum\u2014, que ocurri\u00f3 la noche de ayer 1 de octubre, en la carretera Villa Comaltitl\u00e1n-Huixtla, de la entidad chiapaneca.<\/p>\n\n\n\n<p>En un comunidad, la Sedena destac\u00f3:<\/p>\n\n\n\n<p>\u201cAproximadamente a las 20:50 horas del martes primero de octubre de 2024, integrantes del Ej\u00e9rcito Mexicano al efectuar reconocimientos terrestres, detectaron un veh\u00edculo tipo pick up que iba a alta velocidad, mismo que al ver al personal militar se evadi\u00f3.&nbsp;<\/p>\n\n\n\n<p>\u201cA retaguardia de la pick up se desplazaban dos camionetas de redilas como las que usan grupos delincuenciales en esa regi\u00f3n. Personal militar manifest\u00f3 escuchar detonaciones, por lo que 2 elementos accionaron su armamento, deteniendo su marcha una de las camionetas de redilas.<\/p>\n\n\n\n<p>\u201cPosteriormente, el personal militar al acercarse identific\u00f3 a 33 migrantes de nacionalidad egipcia, nepal\u00ed, cubana, hind\u00fa, pakistan\u00ed y \u00e1rabe, de los cuales 4 hab\u00edan fallecido, 12 lesionados y 17 ilesos.&nbsp;<\/p>\n\n\n\n<p>\u201cA los heridos, el personal militar les proporcion\u00f3 los primeros auxilios, traslad\u00e1ndolos inmediatamente en veh\u00edculo al Hospital General de Huixtla, donde desafortunadamente dos m\u00e1s perdieron la vida. Los 17 migrantes que resultaron ilesos fueron puestos a disposici\u00f3n del Instituto Nacional de Migraci\u00f3n.<\/p>\n\n\n\n<p>En su comunicado, la Sedena a\u00f1adi\u00f3 que los dos militares que dispararon, fueron separados de sus funciones y al ser un hecho donde se vieron afectados civiles, se hizo del conocimiento de la Fiscal\u00eda &nbsp;General de la Rep\u00fablica para que realice las diligencias legales correspondientes y determine deslinde las responsabilidades que correspondan.<\/p>\n\n\n\n<p>Ello \u201csin perjuicio de que la Fiscal\u00eda General de Justicia Militar, realice las investigaciones respecto a la disciplina militar\u201d.<\/p>\n\n\n\n<p>Expuso que se estableci\u00f3 coordinaci\u00f3n con la Secretar\u00eda de Relaciones Exteriores para que se mantenga en contacto con las embajadas correspondientes.<\/p>\n\n\n\n<p>Hasta el momento no ha habido ninguna reacci\u00f3n de la Presidenta de la Rep\u00fablica.<\/p>\n","protected":false},"excerpt":{"rendered":"<p>Redacci\u00f3n\/Zona Roja Cdmx. Ciudad de M\u00e9xico, a 2 de octubre de 2024.- Elementos del Ej\u00e9rcito&hellip;<\/p>\n","protected":false},"author":2,"featured_media":73055,"comment_status":"closed","ping_status":"open","sticky":false,"template":"","format":"standard","meta":{"_lmt_disableupdate":"","_lmt_disable":"","_jetpack_memberships_contains_paid_content":false,"footnotes":""},"categories":[109,47],"tags":[],"class_list":["post-73054","post","type-post","status-publish","format-standard","has-post-thumbnail","hentry","category-minuto-a-minuto","category-zona-gris"],"jetpack_featured_media_url":"https:\/\/zonaroja.com.mx\/wp-content\/uploads\/2024\/10\/Migrantes-masacrados-Sedena-Chiapas.jpeg","jetpack_sharing_enabled":true,"_links":{"self":[{"href":"https:\/\/zonaroja.com.mx\/index.php?rest_route=\/wp\/v2\/posts\/73054","targetHints":{"allow":["GET"]}}],"collection":[{"href":"https:\/\/zonaroja.com.mx\/index.php?rest_route=\/wp\/v2\/posts"}],"about":[{"href":"https:\/\/zonaroja.com.mx\/index.php?rest_route=\/wp\/v2\/types\/post"}],"author":[{"embeddable":true,"href":"https:\/\/zonaroja.com.mx\/index.php?rest_route=\/wp\/v2\/users\/2"}],"replies":[{"embeddable":true,"href":"https:\/\/zonaroja.com.mx\/index.php?rest_route=%2Fwp%2Fv2%2Fcomments&post=73054"}],"version-history":[{"count":1,"href":"https:\/\/zonaroja.com.mx\/index.php?rest_route=\/wp\/v2\/posts\/73054\/revisions"}],"predecessor-version":[{"id":73056,"href":"https:\/\/zonaroja.com.mx\/index.php?rest_route=\/wp\/v2\/posts\/73054\/revisions\/73056"}],"wp:featuredmedia":[{"embeddable":true,"href":"https:\/\/zonaroja.com.mx\/index.php?rest_route=\/wp\/v2\/media\/73055"}],"wp:attachment":[{"href":"https:\/\/zonaroja.com.mx\/index.php?rest_route=%2Fwp%2Fv2%2Fmedia&parent=73054"}],"wp:term":[{"taxonomy":"category","embeddable":true,"href":"https:\/\/zonaroja.com.mx\/index.php?rest_route=%2Fwp%2Fv2%2Fcategories&post=73054"},{"taxonomy":"post_tag","embeddable":true,"href":"https:\/\/zonaroja.com.mx\/index.php?rest_route=%2Fwp%2Fv2%2Ftags&post=73054"}],"curies":[{"name":"wp","href":"https:\/\/api.w.org\/{rel}","templated":true}]}}